{"id":122925,"date":"2024-08-14T17:21:55","date_gmt":"2024-08-14T20:21:55","guid":{"rendered":"https:\/\/cdnoticias.com\/?p=122925"},"modified":"2024-08-14T20:14:40","modified_gmt":"2024-08-14T23:14:40","slug":"trebucq-nuestros-graduados-y-graduadas-se-encuentran-adjudicando-con-el-titulo-en-la-mano","status":"publish","type":"post","link":"https:\/\/cdnoticias.com\/index.php\/2024\/08\/14\/trebucq-nuestros-graduados-y-graduadas-se-encuentran-adjudicando-con-el-titulo-en-la-mano\/","title":{"rendered":"Trebucq: \u201cnuestros graduados y graduadas se encuentran adjudicando con el t\u00edtulo en la mano\u201d"},"content":{"rendered":"\n<p>El decano de la Facultad de Ciencias de la Salud habl\u00f3 de la entrega luego de que graduados se manifestaran denunciando demoras.<\/p>\n\n\n\n<hr class=\"wp-block-separator has-alpha-channel-opacity\"\/>\n\n\n\n<p>El <strong>decano de la Facultad de Ciencias de la Salud, m\u00e9dico H\u00e9ctor Trebucq <\/strong>habl\u00f3 de la entrega de t\u00edtulos a los graduados y graduadas de la carrera de medicina quienes pudieron adjudicar en todas las especialidades.<strong> D\u00edas atr\u00e1s casi 50 m\u00e9dicos recibidos hab\u00edan visibilizado el reclamo de sus diplomas.<\/strong><\/p>\n\n\n\n<p><\/p>\n\n\n\n<p>Trebucq confirm\u00f3 que<strong> \u201cnuestros graduados y graduadas est\u00e1n con el t\u00edtulo en la mano adjudicando los cargos\u201d a<\/strong>unque sostuvo que \u201csiempre les dijimos a las y los estudiantes que \u00edbamos a hacer todo lo posible para que cada uno\/a tenga el cart\u00f3n en la mano y as\u00ed fue\u201d.<\/p>\n\n\n\n<p><\/p>\n\n\n\n<p>Es importante aclarar que \u201ccuando rindieron el examen final de carrera se les inform\u00f3 que hab\u00eda posibilidades que los t\u00edtulos no est\u00e9n listos para la adjudicaci\u00f3n\u201d, respecto a esto reconoci\u00f3 que \u201cno era una tarea sencilla que los t\u00edtulos llegaran, aunque finalmente llegaron.<strong> Entendemos la ansiedad l\u00f3gica<\/strong>\u201d.<\/p>\n\n\n\n<p><\/p>\n\n\n\n<blockquote class=\"wp-block-quote is-layout-flow wp-block-quote-is-layout-flow\">\n<p>En este sentido, los t\u00edtulos se entregan los d\u00edas correspondientes a las adjudicaciones de las residencias lo cual terminar\u00e1 el viernes 23 con el \u00faltimo graduado que adjudicar\u00e1 para la especialidad de urolog\u00eda.<\/p>\n<\/blockquote>\n\n\n\n<p><\/p>\n\n\n\n<p>Trebucq<strong> resalt\u00f3 el trabajo que se llev\u00f3 a cabo durante estos meses<\/strong>: \u201cquiero agradecer el trabajo en red y en equipo que se hizo, quiero hablar del trabajo nodocente y del cuerpo docente ya que hicieron todo lo que estaba a su alcance para que cada graduado y graduada tenga el t\u00edtulo en la mano\u201d.<\/p>\n\n\n\n<p><\/p>\n\n\n\n<p>\u201cTambi\u00e9n agradecer al equipo de gesti\u00f3n de nuestra Facultad, a la vicedecana Bettina Bernardelli, a la secretaria acad\u00e9mica Fabiana Caruso, a los nodocentes de Rectorado, a la gesti\u00f3n de la Universidad encabezada por el rector Marcelo Aba y acompa\u00f1ado por la vicerrectora Alicia Spinello y la secretaria acad\u00e9mica Natalia Giamberardino\u201d, indic\u00f3 el decano.<\/p>\n\n\n\n<p><\/p>\n\n\n\n<p>Y agreg\u00f3: \u201ctambi\u00e9n al intendente de la ciudad de Olavarr\u00eda Maximiliano Wesner y a todo su equipo, al ministro de salud de la Provincia Nicol\u00e1s Kreplak que se comprometi\u00f3 a seguir trabajando en el tema, a la Subsecretar\u00eda de Salud de CABA y referentes pol\u00edticos de la ciudad de Tandil y Olavarr\u00eda, Rogelio Iparraguirre y Cesar Valicenti respectivamente; todos sumaron su granito de arena para poder llegar con los tiempos\u201d.<\/p>\n\n\n\n<p><\/p>\n\n\n\n<p>Para cerrar se refiri\u00f3 a los graduados y graduadas de la Facultad de Ciencias de la Salud de la UNICEN: <strong>\u201cestamos orgullosos de cada persona que pasa por nuestra instituci\u00f3n, de los profesionales de la salud que se grad\u00faan y que llevan el nombre de nuestra Facultad a lo m\u00e1s alto de la Provincia y de la Argentina\u201d.<\/strong><\/p>\n","protected":false},"excerpt":{"rendered":"<p>El decano de la Facultad de Ciencias de la Salud habl\u00f3 de la entrega luego de que graduados se manifestaran<\/p>\n","protected":false},"author":2,"featured_media":122926,"comment_status":"closed","ping_status":"closed","sticky":false,"template":"","format":"standard","meta":{"_jetpack_memberships_contains_paid_content":false,"footnotes":""},"categories":[5,1],"tags":[],"class_list":["post-122925","post","type-post","status-publish","format-standard","has-post-thumbnail","hentry","category-informacion-general","category-portada"],"jetpack_featured_media_url":"https:\/\/i0.wp.com\/cdnoticias.com\/wp-content\/uploads\/2024\/08\/trebucq-conferencia-salud.jpg?fit=800%2C444&ssl=1","jetpack_sharing_enabled":true,"_links":{"self":[{"href":"https:\/\/cdnoticias.com\/index.php\/wp-json\/wp\/v2\/posts\/122925","targetHints":{"allow":["GET"]}}],"collection":[{"href":"https:\/\/cdnoticias.com\/index.php\/wp-json\/wp\/v2\/posts"}],"about":[{"href":"https:\/\/cdnoticias.com\/index.php\/wp-json\/wp\/v2\/types\/post"}],"author":[{"embeddable":true,"href":"https:\/\/cdnoticias.com\/index.php\/wp-json\/wp\/v2\/users\/2"}],"replies":[{"embeddable":true,"href":"https:\/\/cdnoticias.com\/index.php\/wp-json\/wp\/v2\/comments?post=122925"}],"version-history":[{"count":0,"href":"https:\/\/cdnoticias.com\/index.php\/wp-json\/wp\/v2\/posts\/122925\/revisions"}],"wp:featuredmedia":[{"embeddable":true,"href":"https:\/\/cdnoticias.com\/index.php\/wp-json\/wp\/v2\/media\/122926"}],"wp:attachment":[{"href":"https:\/\/cdnoticias.com\/index.php\/wp-json\/wp\/v2\/media?parent=122925"}],"wp:term":[{"taxonomy":"category","embeddable":true,"href":"https:\/\/cdnoticias.com\/index.php\/wp-json\/wp\/v2\/categories?post=122925"},{"taxonomy":"post_tag","embeddable":true,"href":"https:\/\/cdnoticias.com\/index.php\/wp-json\/wp\/v2\/tags?post=122925"}],"curies":[{"name":"wp","href":"https:\/\/api.w.org\/{rel}","templated":true}]}}