{"id":122896,"date":"2024-08-14T13:18:58","date_gmt":"2024-08-14T16:18:58","guid":{"rendered":"https:\/\/cdnoticias.com\/?p=122896"},"modified":"2024-08-15T18:14:11","modified_gmt":"2024-08-15T21:14:11","slug":"en-olavarria-produce-2024-se-presentaran-los-datos-del-censo-industrial","status":"publish","type":"post","link":"https:\/\/cdnoticias.com\/index.php\/2024\/08\/14\/en-olavarria-produce-2024-se-presentaran-los-datos-del-censo-industrial\/","title":{"rendered":"En \u201cOlavarr\u00eda Produce 2024\u201d se presentar\u00e1n los datos del Censo Industrial"},"content":{"rendered":"<p>Lo anunci\u00f3 el intendente Maximiliano Wesner. \u201cEs un dato necesario para vender a Olavarr\u00eda\u201d subray\u00f3.<!--more--><\/p>\n<hr \/>\n<p><a href=\"https:\/\/cdnoticias.com\/index.php\/2024\/08\/14\/lanzamiento-de-olavarria-produce-2024-mostrar-y-vender-a-olavarria-al-resto-del-pais\/\" target=\"_blank\" rel=\"noopener\">En el marco del lanzamiento de <strong>\u201cOlavarr\u00eda Produce 2024\u201d<\/strong><\/a>, el<strong> intendente Maximiliano Wesner<\/strong> anunci\u00f3 que <strong>en la exposici\u00f3n del 13 y 14 de septiembre la Municipalidad presentar\u00e1 los resultados del Censo Industrial.<\/strong><\/p>\n<blockquote><p>Record\u00f3 que se trata de una encuesta que se lleva adelante para \u201cconocer nuestro entramado productivo\u201d. \u201cHay que cuantificarlo y ponerlo en valor, es un dato necesario para vender a Olavarr\u00eda\u201d subray\u00f3 el jefe comunal.<\/p><\/blockquote>\n<p>Indic\u00f3 que<strong> actualmente se trabaja en el proceso de los datos<\/strong> para darlos a conocer dentro de un mes.<\/p>\n<p>Cabe recordar que <a href=\"https:\/\/cdnoticias.com\/index.php\/2024\/06\/04\/presentaron-el-censo-industrial-de-olavarria-2024\/\" target=\"_blank\" rel=\"noopener\">el Censo Industrial se lanz\u00f3 a principios de junio<\/a> desde la Secretar\u00eda de Desarrollo Econ\u00f3mico Municipal. \u201cGestar esta herramienta tan importante no s\u00f3lo para el dise\u00f1o de pol\u00edticas p\u00fablicas sino tambi\u00e9n para ponerla a disposici\u00f3n de nuestros industriales y de las entidades. En un contexto tan adverso nos va a permitir conocer detalladamente la realidad de cada una de las pymes, atender la cadena sectorial y fundamentalmente dise\u00f1ar oportunidades para la radicaci\u00f3n de empresas, inversiones y nuevos capitales que motoricen el desarrollo econ\u00f3mico de Olavarr\u00eda\u201d hab\u00eda expresado en esa ocasi\u00f3n Wesner.<\/p>\n<p>En tanto, <a href=\"https:\/\/cdnoticias.com\/index.php\/2024\/07\/06\/lanzaron-el-censo-industrial-2024-en-el-iteco\/\" target=\"_blank\" rel=\"noopener\">el 6 de julio se inici\u00f3 formalmente el estudio<\/a> que <strong>abarca a m\u00e1s de 800 pymes industriales y de servicios a la industria<\/strong>. Se desarroll\u00f3 en formato mixto, una etapa a censar en territorio y otra que se concret\u00f3 en formato virtual.<\/p>\n<p>El \u00faltimo Censo Industrial de Olavarr\u00eda se realiz\u00f3 en el a\u00f1o 2011-2012. Entre 2022-2023 se llev\u00f3 a cabo la Encuesta al Comercio Minorista y el Censo Minero se hizo en 2023.<\/p>\n","protected":false},"excerpt":{"rendered":"<p>Lo anunci\u00f3 el intendente Maximiliano Wesner. \u201cEs un dato necesario para vender a Olavarr\u00eda\u201d subray\u00f3.<\/p>\n","protected":false},"author":4,"featured_media":122884,"comment_status":"closed","ping_status":"closed","sticky":false,"template":"","format":"standard","meta":{"_jetpack_memberships_contains_paid_content":false,"footnotes":""},"categories":[5,1],"tags":[],"class_list":["post-122896","post","type-post","status-publish","format-standard","has-post-thumbnail","hentry","category-informacion-general","category-portada"],"jetpack_featured_media_url":"https:\/\/i0.wp.com\/cdnoticias.com\/wp-content\/uploads\/2024\/08\/olavarria-produce-lanzamiento-06-wesner.jpg?fit=1200%2C668&ssl=1","jetpack_sharing_enabled":true,"_links":{"self":[{"href":"https:\/\/cdnoticias.com\/index.php\/wp-json\/wp\/v2\/posts\/122896","targetHints":{"allow":["GET"]}}],"collection":[{"href":"https:\/\/cdnoticias.com\/index.php\/wp-json\/wp\/v2\/posts"}],"about":[{"href":"https:\/\/cdnoticias.com\/index.php\/wp-json\/wp\/v2\/types\/post"}],"author":[{"embeddable":true,"href":"https:\/\/cdnoticias.com\/index.php\/wp-json\/wp\/v2\/users\/4"}],"replies":[{"embeddable":true,"href":"https:\/\/cdnoticias.com\/index.php\/wp-json\/wp\/v2\/comments?post=122896"}],"version-history":[{"count":0,"href":"https:\/\/cdnoticias.com\/index.php\/wp-json\/wp\/v2\/posts\/122896\/revisions"}],"wp:featuredmedia":[{"embeddable":true,"href":"https:\/\/cdnoticias.com\/index.php\/wp-json\/wp\/v2\/media\/122884"}],"wp:attachment":[{"href":"https:\/\/cdnoticias.com\/index.php\/wp-json\/wp\/v2\/media?parent=122896"}],"wp:term":[{"taxonomy":"category","embeddable":true,"href":"https:\/\/cdnoticias.com\/index.php\/wp-json\/wp\/v2\/categories?post=122896"},{"taxonomy":"post_tag","embeddable":true,"href":"https:\/\/cdnoticias.com\/index.php\/wp-json\/wp\/v2\/tags?post=122896"}],"curies":[{"name":"wp","href":"https:\/\/api.w.org\/{rel}","templated":true}]}}