{"id":122873,"date":"2024-08-14T10:13:14","date_gmt":"2024-08-14T13:13:14","guid":{"rendered":"https:\/\/cdnoticias.com\/?p=122873"},"modified":"2024-08-14T10:13:16","modified_gmt":"2024-08-14T13:13:16","slug":"afirman-que-nacion-busca-liquidar-fanazul","status":"publish","type":"post","link":"https:\/\/cdnoticias.com\/index.php\/2024\/08\/14\/afirman-que-nacion-busca-liquidar-fanazul\/","title":{"rendered":"Afirman que Naci\u00f3n busca \u201cliquidar\u201d Fanazul"},"content":{"rendered":"<p>Dos empresas extranjeras ya recorrieron la planta azule\u00f1a. El pr\u00f3ximo 23 los trabajadores han sido convocados a una reuni\u00f3n en la sede de Fabricaciones Militares. Desde el gremio ATE se afirm\u00f3 que &#8220;a este gobierno no le interesa el trabajo&#8221; y &#8220;tiene desprecio por el trabajador y, sobre todo, por los bonaerenses&#8221;. No se descartan medidas de fuerza.<!--more--><\/p>\n<hr \/>\n<p>El <strong>secretario general de la Asociaci\u00f3n Trabajadores del Estado (ATE)<\/strong> <strong>seccional Azul, Eduardo Bercovich<\/strong>, indic\u00f3 que<strong> la f\u00e1brica de explosivos Fanazul<\/strong> contin\u00faa <strong>paralizada<\/strong> <a href=\"https:\/\/cdnoticias.com\/index.php\/2024\/05\/15\/se-ordeno-detener-la-produccion-en-fanazul\/\" target=\"_blank\" rel=\"noopener\">desde el mes de mayo pasado<\/a>.<\/p>\n<blockquote><p>En tanto, &#8220;ya vinieron la semana pasada dos empresas a Azul&#8221;. Por un lado, representantes de la firma CSG Group de Rep\u00fablica Checa y, por el otro, de la empresa Hispania, de capitales espa\u00f1oles. &#8220;Recorrieron toda la f\u00e1brica y tambi\u00e9n las otras unidades productivas -C\u00f3rdoba, Santa Fe y San Juan-, inclusive estuvieron en la sede de Fabricaciones Militares&#8221;, dijo el titular local de ATE.<\/p><\/blockquote>\n<p>Por otro lado, expres\u00f3 que <strong>&#8220;el 23 de agosto vamos a tener una reuni\u00f3n con el presidente del directorio de Fabricaciones Militares, Hugo Pascarelli<\/strong>, as\u00ed que vamos a sacar m\u00e1s en claro esta situaci\u00f3n&#8221;.<\/p>\n<p>De todos modos, algunos detalles ya han trascendido. Bercovich se\u00f1al\u00f3 que, <strong>&#8220;de acuerdo a un video que public\u00f3 el gobierno en la TV P\u00fablica, se dice que el objetivo es pasar Fabricaciones Militares a control de Estados Unidos<\/strong>, para hacer municiones para la OTAN y con destino a la guerra Ucrania-Rusia. Nos parece un disparate&#8221;.<\/p>\n<blockquote class=\"wp-embedded-content\" data-secret=\"XzpAMz9xRW\"><p><a href=\"https:\/\/cdnoticias.com\/index.php\/2024\/05\/15\/se-ordeno-detener-la-produccion-en-fanazul\/\">Se orden\u00f3 detener la producci\u00f3n en Fanazul<\/a><\/p><\/blockquote>\n<p><iframe loading=\"lazy\" class=\"wp-embedded-content\" sandbox=\"allow-scripts\" security=\"restricted\" style=\"position: absolute; visibility: hidden;\" title=\"&#8220;Se orden\u00f3 detener la producci\u00f3n en Fanazul&#8221; &#8212; Central de Noticias | Olavarr\u00eda\" src=\"https:\/\/cdnoticias.com\/index.php\/2024\/05\/15\/se-ordeno-detener-la-produccion-en-fanazul\/embed\/#?secret=dqnEdsR7MP#?secret=XzpAMz9xRW\" data-secret=\"XzpAMz9xRW\" width=\"600\" height=\"338\" frameborder=\"0\" marginwidth=\"0\" marginheight=\"0\" scrolling=\"no\"><\/iframe><\/p>\n<p><strong>&#8220;El lunes se hizo una asamblea<\/strong> y los delegados informaron todo esto, luego del plenario que se realiz\u00f3 en Villa Mar\u00eda, C\u00f3rdoba&#8221;, refiri\u00f3 el dirigente sindical.<\/p>\n<p><em>Para el 23 de este mes &#8220;nos cit\u00f3 Pascarelli en sede de Fabricaciones Militares, para informarnos de algunos cambios<\/em>, seg\u00fan dijeron. Suponemos que debe ser esta locura que quieren hacer a partir de septiembre&#8221;.<\/p>\n<p>En ese contexto, en tanto <strong>persiste la incertidumbre<\/strong> entre los trabajadores de la f\u00e1brica Fanazul y sus familias, Bercovich asever\u00f3:<strong> &#8220;Creo que a este gobierno no le interesa el trabajo. Tiene desprecio por el trabajador<\/strong> y, sobre todo, por los bonaerenses, porque Milei piensa que somos un sujeto pol\u00edtico&#8221;.<\/p>\n<blockquote><p>Puntualiz\u00f3 al respecto que &#8220;nosotros lo \u00fanico que queremos, y supongo que la gente que lo vot\u00f3 tambi\u00e9n, es estar mejor; pero no la locura que hay hoy, con mucha desocupaci\u00f3n, tarifazos, junto con una ca\u00edda econ\u00f3mica y una recesi\u00f3n tremenda. Todo eso va a generar muchas p\u00e9rdidas de puestos de trabajo en el \u00e1mbito privado&#8221;.<\/p><\/blockquote>\n<p><img data-recalc-dims=\"1\" loading=\"lazy\" decoding=\"async\" class=\"size-full wp-image-10574 aligncenter\" src=\"https:\/\/i0.wp.com\/cdnoticias.com\/wp-content\/uploads\/2021\/01\/fanazul-1609754687-696x391.jpg?resize=696%2C391&#038;ssl=1\" alt=\"\" width=\"696\" height=\"391\" srcset=\"https:\/\/i0.wp.com\/cdnoticias.com\/wp-content\/uploads\/2021\/01\/fanazul-1609754687-696x391.jpg?resize=696%2C391&amp;ssl=1 696w, https:\/\/i0.wp.com\/cdnoticias.com\/wp-content\/uploads\/2021\/01\/fanazul-1609754687-696x391.jpg?resize=300%2C169&amp;ssl=1 300w\" sizes=\"auto, (max-width: 696px) 100vw, 696px\" \/><\/p>\n<blockquote><p>Tambi\u00e9n expres\u00f3 que, &#8220;sobre todo, a este gobierno [de Milei] no le interesa absolutamente nada la industria nacional y la defensa de la soberan\u00eda. Quiere regalar y rifar, adem\u00e1s de desguazar, todas las empresas del Estado nacional para darles ganancias a los grandes concentradores de riqueza&#8221;.<\/p><\/blockquote>\n<p>No es una cuesti\u00f3n sencilla, por otra parte. Bercovich admiti\u00f3 ayer que &#8220;el problema es que a esto lo votaron los diputados nacionales, al votar la Ley de Bases y el DNU&#8221;, en tanto consider\u00f3 que &#8220;a esto lo van a hacer con todas las empresas estatales&#8221;.<\/p>\n<p>Desde el \u00e1mbito gremial &#8220;los pasos a seguir son, por un lado, la reuni\u00f3n que vamos a tener la semana que viene con Hugo Pascarelli y, a partir de eso, vamos a decidir qu\u00e9 vamos a hacer&#8221;. Es as\u00ed que no se descartan medidas de fuerza a nivel local y nacional.<\/p>\n<p>Por otro lado, el titular de ATE Azul observ\u00f3 que<strong> &#8220;no es que se est\u00e1 haciendo algo ilegal: es algo que est\u00e1 dentro de la Ley Bases y el DNU<\/strong>, el hecho de pasarse estas empresas a sociedades an\u00f3nimas&#8221;.<\/p>\n<p><img data-recalc-dims=\"1\" loading=\"lazy\" decoding=\"async\" class=\"size-full wp-image-10573 aligncenter\" src=\"https:\/\/i0.wp.com\/cdnoticias.com\/wp-content\/uploads\/2021\/01\/fanazul.jpg?resize=800%2C447&#038;ssl=1\" alt=\"\" width=\"800\" height=\"447\" srcset=\"https:\/\/i0.wp.com\/cdnoticias.com\/wp-content\/uploads\/2021\/01\/fanazul.jpg?w=800&amp;ssl=1 800w, https:\/\/i0.wp.com\/cdnoticias.com\/wp-content\/uploads\/2021\/01\/fanazul.jpg?resize=300%2C168&amp;ssl=1 300w, https:\/\/i0.wp.com\/cdnoticias.com\/wp-content\/uploads\/2021\/01\/fanazul.jpg?resize=768%2C429&amp;ssl=1 768w\" sizes=\"auto, (max-width: 800px) 100vw, 800px\" \/><\/p>\n<p>Desde el gobierno nacional <strong>&#8220;argumentan que es la \u00fanica salida porque no tienen c\u00f3mo pagar los sueldos.<\/strong> Nosotros creemos que no es as\u00ed, sino que la idea es liquidar todas las empresas del Estado&#8221;.<\/p>\n<p>En el caso puntual de esta localidad, indic\u00f3 que<strong> &#8220;la f\u00e1brica de Azul est\u00e1 parada. Nos frenaron la producci\u00f3n porque dicen que ten\u00edan muchos explosivos.<\/strong> Y ahora quieren avanzar con esto: pasarla a sociedad an\u00f3nima para liquidarla, lo mismo que ya empezaron a hacer con las centrales hidroel\u00e9ctricas&#8221;.<\/p>\n<p>Fuente y foto: <em>Diario El Tiempo<\/em><\/p>\n","protected":false},"excerpt":{"rendered":"<p>Dos empresas extranjeras ya recorrieron la planta azule\u00f1a. El pr\u00f3ximo 23 los trabajadores han sido convocados a una reuni\u00f3n en<\/p>\n","protected":false},"author":4,"featured_media":122874,"comment_status":"closed","ping_status":"closed","sticky":false,"template":"","format":"standard","meta":{"_jetpack_memberships_contains_paid_content":false,"footnotes":""},"categories":[6,1],"tags":[],"class_list":["post-122873","post","type-post","status-publish","format-standard","has-post-thumbnail","hentry","category-nacionales","category-portada"],"jetpack_featured_media_url":"https:\/\/i0.wp.com\/cdnoticias.com\/wp-content\/uploads\/2024\/08\/diario-el-tiempo-fanazul.jpeg?fit=948%2C533&ssl=1","jetpack_sharing_enabled":true,"_links":{"self":[{"href":"https:\/\/cdnoticias.com\/index.php\/wp-json\/wp\/v2\/posts\/122873","targetHints":{"allow":["GET"]}}],"collection":[{"href":"https:\/\/cdnoticias.com\/index.php\/wp-json\/wp\/v2\/posts"}],"about":[{"href":"https:\/\/cdnoticias.com\/index.php\/wp-json\/wp\/v2\/types\/post"}],"author":[{"embeddable":true,"href":"https:\/\/cdnoticias.com\/index.php\/wp-json\/wp\/v2\/users\/4"}],"replies":[{"embeddable":true,"href":"https:\/\/cdnoticias.com\/index.php\/wp-json\/wp\/v2\/comments?post=122873"}],"version-history":[{"count":0,"href":"https:\/\/cdnoticias.com\/index.php\/wp-json\/wp\/v2\/posts\/122873\/revisions"}],"wp:featuredmedia":[{"embeddable":true,"href":"https:\/\/cdnoticias.com\/index.php\/wp-json\/wp\/v2\/media\/122874"}],"wp:attachment":[{"href":"https:\/\/cdnoticias.com\/index.php\/wp-json\/wp\/v2\/media?parent=122873"}],"wp:term":[{"taxonomy":"category","embeddable":true,"href":"https:\/\/cdnoticias.com\/index.php\/wp-json\/wp\/v2\/categories?post=122873"},{"taxonomy":"post_tag","embeddable":true,"href":"https:\/\/cdnoticias.com\/index.php\/wp-json\/wp\/v2\/tags?post=122873"}],"curies":[{"name":"wp","href":"https:\/\/api.w.org\/{rel}","templated":true}]}}