{"id":12285,"date":"2021-01-26T11:36:17","date_gmt":"2021-01-26T14:36:17","guid":{"rendered":"http:\/\/www.centraldenoticias.com.ar\/?p=12285"},"modified":"2021-01-26T11:36:17","modified_gmt":"2021-01-26T14:36:17","slug":"a-pesar-de-la-confirmacion-de-inicio-juntos-por-el-cambio-prepara-una-protesta-por-las-clases","status":"publish","type":"post","link":"https:\/\/cdnoticias.com\/index.php\/2021\/01\/26\/a-pesar-de-la-confirmacion-de-inicio-juntos-por-el-cambio-prepara-una-protesta-por-las-clases\/","title":{"rendered":"A pesar de la confirmaci\u00f3n de inicio, Juntos por el Cambio prepara una protesta por las clases"},"content":{"rendered":"<p>Convocar\u00e1n para el 9 de febrero a movilizaciones en plazas de todo el pa\u00eds para \u201cpedir por la apertura de las escuelas\u201d a pesar de que el gobierno nacional ratific\u00f3 el regreso de las clases presenciales al menos mixtas. Tambi\u00e9n se posicionaron sobre varios temas.<!--more--><\/p>\n<hr \/>\n<p>Los principales dirigentes de <strong>Juntos por el Cambio convocaron para el 9 de febrero a una protesta en plazas de todo el pa\u00eds para pedir por la \u201capertura de las escuelas\u201d<\/strong> a pesar de que el gobierno confirm\u00f3 que las clases presenciales \u201cmixtas\u201d comenzar\u00e1n el pr\u00f3ximo 1 de marzo. <strong>Tambi\u00e9n se posicionaron sobre otros temas de agenda, como el pedido de no suspensi\u00f3n de las PASO.<\/strong><\/p>\n<p>&nbsp;<\/p>\n<p>La propuesta se discuti\u00f3 durante el \u201czoom\u201d semanal que realizan los principales dirigentes de Juntos por el Cambio, nucleados en la Mesa de conducci\u00f3n Nacional. <strong>La intenci\u00f3n es realizar \u201caulas abiertas\u201d en los principales puntos de concentraci\u00f3n de las ciudades para que participen docentes, estudiantes y padres. En la Ciudad de Buenos Aires, por caso, la concentraci\u00f3n se har\u00e1 frente al Palacio Pizzurno, sede del Ministerio de Educaci\u00f3n.<\/strong><\/p>\n<p>&nbsp;<\/p>\n<blockquote><p>De la reuni\u00f3n virtual de este lunes participaron Patricia Bullrich y Humberto Schiavoni (PRO), Alfredo Cornejo, Mario Negri, Luis Naidenoff y Mart\u00edn Lousteau (UCR) y Maximiliano Ferraro y Juan L\u00f3pez (Coalici\u00f3n C\u00edvica).<\/p><\/blockquote>\n<p>&nbsp;<\/p>\n<p>Durante el encuentro tambi\u00e9n se habl\u00f3 sobre las<strong><em> \u201crepetidas violaciones a los derechos humanos\u201d<\/em><\/strong> en Formosa, luego de la detenci\u00f3n de dos concejales opositoras al Gobierno de Gildo Insfr\u00e1n<em>. \u201cNo podemos permitir que se sigan avasallando las libertades, mientras que el partido de Gobierno halaga la gesti\u00f3n de Insfr\u00e1n y el Presidente calla\u201d<\/em>, sostuvieron en un comunicado.<\/p>\n<p>&nbsp;<\/p>\n<p>Y <strong>se volvi\u00f3 a insistir en el rechazo a la eventual suspensi\u00f3n de las PASO, que impulsa el Gobierno nacional a instancia de los gobernadores del peronismo<\/strong>. <em>\u201cLas reglas de juego del sistema electoral no pueden ser modificadas en el mismo a\u00f1o de la realizaci\u00f3n de las elecciones y menos a\u00fan por la voluntad unilateral del partido de gobierno\u201d<\/em>, indicaron.<\/p>\n<p>&nbsp;<\/p>\n<blockquote><p>Las protestas de Juntos por el Cambio se dan en medio de los tironeos por el retorno a las aulas. La Ciudad de Buenos Aires ratific\u00f3 el 17 de febrero como fecha de inicio, pero recibi\u00f3 la oposici\u00f3n de todos los gremios docentes.<\/p><\/blockquote>\n<p>&nbsp;<\/p>\n<p>En tanto, <strong>Naci\u00f3n deleg\u00f3 la decisi\u00f3n en las provincias, que ahora eval\u00faan de qu\u00e9 forma retornar a la presencialidad: en Buenos Aires se espera una jornada mixta entre presencial y virtual, con la asistencia simult\u00e1nea del 50% de la matr\u00edcula.<\/strong> As\u00ed, cada estudiante concurrir\u00e1 dos d\u00edas a la semana, y el resto del tiempo continuar\u00e1 trabajando de forma remota.<\/p>\n","protected":false},"excerpt":{"rendered":"<p>Convocar\u00e1n para el 9 de febrero a movilizaciones en plazas de todo el pa\u00eds para \u201cpedir por la apertura de<\/p>\n","protected":false},"author":2,"featured_media":12286,"comment_status":"closed","ping_status":"closed","sticky":false,"template":"","format":"standard","meta":{"_jetpack_memberships_contains_paid_content":false,"footnotes":""},"categories":[6,1],"tags":[],"class_list":["post-12285","post","type-post","status-publish","format-standard","has-post-thumbnail","hentry","category-nacionales","category-portada"],"jetpack_featured_media_url":"https:\/\/i0.wp.com\/cdnoticias.com\/wp-content\/uploads\/2021\/01\/Juntos-por-el-Cambio-zoom.jpg?fit=900%2C492&ssl=1","jetpack_sharing_enabled":true,"_links":{"self":[{"href":"https:\/\/cdnoticias.com\/index.php\/wp-json\/wp\/v2\/posts\/12285","targetHints":{"allow":["GET"]}}],"collection":[{"href":"https:\/\/cdnoticias.com\/index.php\/wp-json\/wp\/v2\/posts"}],"about":[{"href":"https:\/\/cdnoticias.com\/index.php\/wp-json\/wp\/v2\/types\/post"}],"author":[{"embeddable":true,"href":"https:\/\/cdnoticias.com\/index.php\/wp-json\/wp\/v2\/users\/2"}],"replies":[{"embeddable":true,"href":"https:\/\/cdnoticias.com\/index.php\/wp-json\/wp\/v2\/comments?post=12285"}],"version-history":[{"count":0,"href":"https:\/\/cdnoticias.com\/index.php\/wp-json\/wp\/v2\/posts\/12285\/revisions"}],"wp:featuredmedia":[{"embeddable":true,"href":"https:\/\/cdnoticias.com\/index.php\/wp-json\/wp\/v2\/media\/12286"}],"wp:attachment":[{"href":"https:\/\/cdnoticias.com\/index.php\/wp-json\/wp\/v2\/media?parent=12285"}],"wp:term":[{"taxonomy":"category","embeddable":true,"href":"https:\/\/cdnoticias.com\/index.php\/wp-json\/wp\/v2\/categories?post=12285"},{"taxonomy":"post_tag","embeddable":true,"href":"https:\/\/cdnoticias.com\/index.php\/wp-json\/wp\/v2\/tags?post=12285"}],"curies":[{"name":"wp","href":"https:\/\/api.w.org\/{rel}","templated":true}]}}