{"id":122838,"date":"2024-08-14T10:45:31","date_gmt":"2024-08-14T13:45:31","guid":{"rendered":"https:\/\/cdnoticias.com\/?p=122838"},"modified":"2024-08-14T10:45:33","modified_gmt":"2024-08-14T13:45:33","slug":"charla-informativa-sobre-donacion-de-sangre","status":"publish","type":"post","link":"https:\/\/cdnoticias.com\/index.php\/2024\/08\/14\/charla-informativa-sobre-donacion-de-sangre\/","title":{"rendered":"Charla informativa sobre donaci\u00f3n de sangre"},"content":{"rendered":"\n<p>Ser\u00e1 este jueves 15 en el Aula C9 del Complejo Universitario de Olavarr\u00eda. Asimismo, el pr\u00f3ximo mi\u00e9rcoles 28 se llevar\u00e1 a cabo una colecta de sangre.<\/p>\n\n\n\n<hr class=\"wp-block-separator aligncenter has-alpha-channel-opacity\"\/>\n\n\n\n<p>Este jueves, se llevar\u00e1 a cabo una <strong>charla informativa sobre donaci\u00f3n de sangre<\/strong> en el Aula C9 de Aulas Comunes del <strong>Complejo Universitario de Olavarr\u00eda<\/strong>, a partir de las <strong>13:30 horas.<\/strong><\/p>\n\n\n\n<p><\/p>\n\n\n\n<blockquote class=\"wp-block-quote is-layout-flow wp-block-quote-is-layout-flow\">\n<p>La actividad se da en el marco de la colecta de sangre que se llevar\u00e1 a cabo en el complejo universitario el pr\u00f3ximo mi\u00e9rcoles 28 de agosto.<\/p>\n<\/blockquote>\n\n\n\n<p><\/p>\n\n\n\n<p>La charla informativa est\u00e1 <strong>destinada a toda la comunidad<\/strong> para sensibilizar sobre la importancia de la donaci\u00f3n de sangre y <strong>no requiere inscripci\u00f3n previa.<\/strong><\/p>\n\n\n\n<p><\/p>\n\n\n\n<p>La campa\u00f1a es una propuesta del proyecto de Extensi\u00f3n CONECTA VIDA, integrado por la Facultad de Ciencias de la Salud, FACSO y FIO y dicho proyecto est\u00e1 dirigido por la Licenciada Nancy Cardozo.<\/p>\n","protected":false},"excerpt":{"rendered":"<p>Ser\u00e1 este jueves 15 en el Aula C9 del Complejo Universitario de Olavarr\u00eda. Asimismo, el pr\u00f3ximo mi\u00e9rcoles 28 se llevar\u00e1<\/p>\n","protected":false},"author":6,"featured_media":122840,"comment_status":"closed","ping_status":"closed","sticky":false,"template":"","format":"standard","meta":{"_jetpack_memberships_contains_paid_content":false,"footnotes":""},"categories":[5,1],"tags":[],"class_list":["post-122838","post","type-post","status-publish","format-standard","has-post-thumbnail","hentry","category-informacion-general","category-portada"],"jetpack_featured_media_url":"https:\/\/i0.wp.com\/cdnoticias.com\/wp-content\/uploads\/2024\/08\/charla-donacion-sangre.jpg?fit=900%2C506&ssl=1","jetpack_sharing_enabled":true,"_links":{"self":[{"href":"https:\/\/cdnoticias.com\/index.php\/wp-json\/wp\/v2\/posts\/122838","targetHints":{"allow":["GET"]}}],"collection":[{"href":"https:\/\/cdnoticias.com\/index.php\/wp-json\/wp\/v2\/posts"}],"about":[{"href":"https:\/\/cdnoticias.com\/index.php\/wp-json\/wp\/v2\/types\/post"}],"author":[{"embeddable":true,"href":"https:\/\/cdnoticias.com\/index.php\/wp-json\/wp\/v2\/users\/6"}],"replies":[{"embeddable":true,"href":"https:\/\/cdnoticias.com\/index.php\/wp-json\/wp\/v2\/comments?post=122838"}],"version-history":[{"count":0,"href":"https:\/\/cdnoticias.com\/index.php\/wp-json\/wp\/v2\/posts\/122838\/revisions"}],"wp:featuredmedia":[{"embeddable":true,"href":"https:\/\/cdnoticias.com\/index.php\/wp-json\/wp\/v2\/media\/122840"}],"wp:attachment":[{"href":"https:\/\/cdnoticias.com\/index.php\/wp-json\/wp\/v2\/media?parent=122838"}],"wp:term":[{"taxonomy":"category","embeddable":true,"href":"https:\/\/cdnoticias.com\/index.php\/wp-json\/wp\/v2\/categories?post=122838"},{"taxonomy":"post_tag","embeddable":true,"href":"https:\/\/cdnoticias.com\/index.php\/wp-json\/wp\/v2\/tags?post=122838"}],"curies":[{"name":"wp","href":"https:\/\/api.w.org\/{rel}","templated":true}]}}