{"id":122834,"date":"2024-08-14T14:25:11","date_gmt":"2024-08-14T17:25:11","guid":{"rendered":"https:\/\/cdnoticias.com\/?p=122834"},"modified":"2024-08-14T14:25:13","modified_gmt":"2024-08-14T17:25:13","slug":"coopelectric-anuncio-un-corte-de-luz-programado-para-este-jueves","status":"publish","type":"post","link":"https:\/\/cdnoticias.com\/index.php\/2024\/08\/14\/coopelectric-anuncio-un-corte-de-luz-programado-para-este-jueves\/","title":{"rendered":"Coopelectric anunci\u00f3 un corte de luz programado para este jueves"},"content":{"rendered":"\n<p>Ser\u00e1 de 8:00 a 13:00 horas por tareas de mantenimiento.<\/p>\n\n\n\n<hr class=\"wp-block-separator aligncenter has-alpha-channel-opacity\"\/>\n\n\n\n<p>Desde Coopelectric se inform\u00f3 que <strong>este jueves se producir\u00e1 la interrupci\u00f3n del servicio el\u00e9ctrico<\/strong> en un sector de la ciudad.<\/p>\n\n\n\n<p><\/p>\n\n\n\n<blockquote class=\"wp-block-quote is-layout-flow wp-block-quote-is-layout-flow\">\n<p>Espec\u00edficamente, el corte ser\u00e1 de 8:00 a 13:00 horas y afectar\u00e1 los barrios Isaura, Bel\u00e9n, Eucaliptus, Matadero, Trabajadores, BICE , Parque Helios Eseverri y Club H\u00edpico.<\/p>\n<\/blockquote>\n\n\n\n<p><\/p>\n\n\n\n<p>Se indic\u00f3 que <strong>el motivo del corte es por mantenimiento<\/strong> y que las tareas pueden reprogramarse si las condiciones clim\u00e1ticas son adversas.<\/p>\n","protected":false},"excerpt":{"rendered":"<p>Ser\u00e1 de 8:00 a 13:00 horas por tareas de mantenimiento. Desde Coopelectric se inform\u00f3 que este jueves se producir\u00e1 la<\/p>\n","protected":false},"author":6,"featured_media":41403,"comment_status":"closed","ping_status":"closed","sticky":false,"template":"","format":"standard","meta":{"_jetpack_memberships_contains_paid_content":false,"footnotes":""},"categories":[5,1],"tags":[],"class_list":["post-122834","post","type-post","status-publish","format-standard","has-post-thumbnail","hentry","category-informacion-general","category-portada"],"jetpack_featured_media_url":"https:\/\/i0.wp.com\/cdnoticias.com\/wp-content\/uploads\/2021\/12\/coopelectric-camion.jpg?fit=1600%2C890&ssl=1","jetpack_sharing_enabled":true,"_links":{"self":[{"href":"https:\/\/cdnoticias.com\/index.php\/wp-json\/wp\/v2\/posts\/122834","targetHints":{"allow":["GET"]}}],"collection":[{"href":"https:\/\/cdnoticias.com\/index.php\/wp-json\/wp\/v2\/posts"}],"about":[{"href":"https:\/\/cdnoticias.com\/index.php\/wp-json\/wp\/v2\/types\/post"}],"author":[{"embeddable":true,"href":"https:\/\/cdnoticias.com\/index.php\/wp-json\/wp\/v2\/users\/6"}],"replies":[{"embeddable":true,"href":"https:\/\/cdnoticias.com\/index.php\/wp-json\/wp\/v2\/comments?post=122834"}],"version-history":[{"count":0,"href":"https:\/\/cdnoticias.com\/index.php\/wp-json\/wp\/v2\/posts\/122834\/revisions"}],"wp:featuredmedia":[{"embeddable":true,"href":"https:\/\/cdnoticias.com\/index.php\/wp-json\/wp\/v2\/media\/41403"}],"wp:attachment":[{"href":"https:\/\/cdnoticias.com\/index.php\/wp-json\/wp\/v2\/media?parent=122834"}],"wp:term":[{"taxonomy":"category","embeddable":true,"href":"https:\/\/cdnoticias.com\/index.php\/wp-json\/wp\/v2\/categories?post=122834"},{"taxonomy":"post_tag","embeddable":true,"href":"https:\/\/cdnoticias.com\/index.php\/wp-json\/wp\/v2\/tags?post=122834"}],"curies":[{"name":"wp","href":"https:\/\/api.w.org\/{rel}","templated":true}]}}