{"id":122818,"date":"2024-08-13T16:44:28","date_gmt":"2024-08-13T19:44:28","guid":{"rendered":"https:\/\/cdnoticias.com\/?p=122818"},"modified":"2024-08-13T18:32:09","modified_gmt":"2024-08-13T21:32:09","slug":"ruidazo-de-docentes-de-unicen-es-tremenda-la-perdida-de-poder-adquisitivo","status":"publish","type":"post","link":"https:\/\/cdnoticias.com\/index.php\/2024\/08\/13\/ruidazo-de-docentes-de-unicen-es-tremenda-la-perdida-de-poder-adquisitivo\/","title":{"rendered":"Ruidazo de docentes de Unicen: \u201ces tremenda la p\u00e9rdida de poder adquisitivo\u201d"},"content":{"rendered":"<p>Lo dijo el docente e investigador de la Facultad de Ingenier\u00eda, Gast\u00f3n Barreto. Este martes se realiz\u00f3 una manifestaci\u00f3n en el campus.<!--more--><\/p>\n<hr \/>\n<p>Este martes continuaron las <strong>actividades de protesta en la Universidad Nacional del Centro<\/strong> por parte de los <strong>docentes<\/strong>: se llev\u00f3 a cabo un<strong> \u201cruidazo\u201d<\/strong> en el campus. Es una de las <strong>medidas de reclamo que impuls\u00f3 el sindicato docente ADUNCE<\/strong> que busca visibilizar la <strong>demanda de aumento salarial<\/strong>. Las acciones de fuerza se concretan <a href=\"https:\/\/cdnoticias.com\/index.php\/2024\/08\/06\/universidades-profundizan-medidas-de-fuerza-y-esta-en-riesgo-el-segundo-cuatrimestre\/\" target=\"_blank\" rel=\"noopener\">en todas las universidades del pa\u00eds y continuar\u00e1n la semana que viene<\/a>.<\/p>\n<p><strong>Central de Noticias<\/strong> estuvo en el<strong> \u201cruidazo\u201d que comenz\u00f3 poco antes de las 12.30<\/strong> y se extendi\u00f3 por varios minutos con<strong> marcha dentro del campus<\/strong> donde los numerosos asistentes recorrieron las unidades acad\u00e9micas.<\/p>\n<blockquote><p>Sobre el tema, el docente e investigador de la Facultad de Ingenier\u00eda Gast\u00f3n Barreto expres\u00f3 en el programa Levantate por Radio Sapiens (FM 102.7), que \u201cvenimos hace meses con alta preocupaci\u00f3n, muy ocupados tambi\u00e9n en todo lo que sucede. Ahora se labura el doble, como suele pasar en estos en estos momentos agitados. Pero sobre todo con mucha much\u00edsima incertidumbre\u201d.<\/p><\/blockquote>\n<blockquote class=\"instagram-media\" style=\"background: #FFF; border: 0; border-radius: 3px; box-shadow: 0 0 1px 0 rgba(0,0,0,0.5),0 1px 10px 0 rgba(0,0,0,0.15); margin: 1px; max-width: 540px; min-width: 326px; padding: 0; width: calc(100% - 2px);\" data-instgrm-permalink=\"https:\/\/www.instagram.com\/reel\/C-nj5gVvQ5t\/?utm_source=ig_embed&amp;utm_campaign=loading\" data-instgrm-version=\"14\">\n<div style=\"padding: 16px;\">\n<div style=\"display: flex; flex-direction: row; align-items: center;\">\n<div style=\"background-color: #f4f4f4; border-radius: 50%; flex-grow: 0; height: 40px; margin-right: 14px; width: 40px;\"><\/div>\n<div style=\"display: flex; flex-direction: column; flex-grow: 1; justify-content: center;\">\n<div style=\"background-color: #f4f4f4; border-radius: 4px; flex-grow: 0; height: 14px; margin-bottom: 6px; width: 100px;\"><\/div>\n<div style=\"background-color: #f4f4f4; border-radius: 4px; flex-grow: 0; height: 14px; width: 60px;\"><\/div>\n<\/div>\n<\/div>\n<div style=\"padding: 19% 0;\"><\/div>\n<div style=\"display: block; height: 50px; margin: 0 auto 12px; width: 50px;\"><\/div>\n<div style=\"padding-top: 8px;\">\n<div style=\"color: #3897f0; font-family: Arial,sans-serif; font-size: 14px; font-style: normal; font-weight: 550; line-height: 18px;\">Ver esta publicaci\u00f3n en Instagram<\/div>\n<\/div>\n<div style=\"padding: 12.5% 0;\"><\/div>\n<div style=\"display: flex; flex-direction: row; margin-bottom: 14px; align-items: center;\">\n<div>\n<div style=\"background-color: #f4f4f4; border-radius: 50%; height: 12.5px; width: 12.5px; transform: translateX(0px) translateY(7px);\"><\/div>\n<div style=\"background-color: #f4f4f4; height: 12.5px; transform: rotate(-45deg) translateX(3px) translateY(1px); width: 12.5px; flex-grow: 0; margin-right: 14px; margin-left: 2px;\"><\/div>\n<div style=\"background-color: #f4f4f4; border-radius: 50%; height: 12.5px; width: 12.5px; transform: translateX(9px) translateY(-18px);\"><\/div>\n<\/div>\n<div style=\"margin-left: 8px;\">\n<div style=\"background-color: #f4f4f4; border-radius: 50%; flex-grow: 0; height: 20px; width: 20px;\"><\/div>\n<div style=\"width: 0; height: 0; border-top: 2px solid transparent; border-left: 6px solid #f4f4f4; border-bottom: 2px solid transparent; transform: translateX(16px) translateY(-4px) rotate(30deg);\"><\/div>\n<\/div>\n<div style=\"margin-left: auto;\">\n<div style=\"width: 0px; border-top: 8px solid #F4F4F4; border-right: 8px solid transparent; transform: translateY(16px);\"><\/div>\n<div style=\"background-color: #f4f4f4; flex-grow: 0; height: 12px; width: 16px; transform: translateY(-4px);\"><\/div>\n<div style=\"width: 0; height: 0; border-top: 8px solid #F4F4F4; border-left: 8px solid transparent; transform: translateY(-4px) translateX(8px);\"><\/div>\n<\/div>\n<\/div>\n<div style=\"display: flex; flex-direction: column; flex-grow: 1; justify-content: center; margin-bottom: 24px;\">\n<div style=\"background-color: #f4f4f4; border-radius: 4px; flex-grow: 0; height: 14px; margin-bottom: 6px; width: 224px;\"><\/div>\n<div style=\"background-color: #f4f4f4; border-radius: 4px; flex-grow: 0; height: 14px; width: 144px;\"><\/div>\n<\/div>\n<p style=\"color: #c9c8cd; font-family: Arial,sans-serif; font-size: 14px; line-height: 17px; margin-bottom: 0; margin-top: 8px; overflow: hidden; padding: 8px 0 7px; text-align: center; text-overflow: ellipsis; white-space: nowrap;\"><a style=\"color: #c9c8cd; font-family: Arial,sans-serif; font-size: 14px; font-style: normal; font-weight: normal; line-height: 17px; text-decoration: none;\" href=\"https:\/\/www.instagram.com\/reel\/C-nj5gVvQ5t\/?utm_source=ig_embed&amp;utm_campaign=loading\" target=\"_blank\" rel=\"noopener\">Una publicaci\u00f3n compartida por Central de Noticias Olavarr\u00eda (@cdnolavarria)<\/a><\/p>\n<\/div>\n<\/blockquote>\n<p><script async src=\"\/\/www.instagram.com\/embed.js\"><\/script><\/p>\n<blockquote><p>\u201cEl principal reclamo es el salarial. Es el presupuestario en general, una demanda hist\u00f3rica de mejora. En particular en lo que corresponde a los ingresos salariales es tremenda la p\u00e9rdida de poder adquisitivo que han tenido desde diciembre. Si miran la grilla de ingresos de un docente exclusivo, -un ingeniero, un profesor, un licenciado que quiere trabajar en la universidad p\u00fablica- con dedicaci\u00f3n que implica 40 horas semanales tiene un ingreso de 550 o 600 mil pesos. Es la realidad de los salarios m\u00e1s bajos porque tienen menos antig\u00fcedad, en todas las universidades p\u00fablicas\u201d resumi\u00f3 sobre la situaci\u00f3n.<\/p><\/blockquote>\n<p>Barreto explic\u00f3 que<strong> si bien los docentes percibieron aumentos salariales a lo largo del a\u00f1o, en todos los casos fue decreto<\/strong> del Ejecutivo Nacional. No se han producido reuniones paritarias, ni los sindicatos docentes pudieron expresar sus demandas.<\/p>\n<p>En ese marco inform\u00f3 que \u201cCapital Humano est\u00e1 diciendo que le otorg\u00f3 un 71% de aumento seg\u00fan el c\u00e1lculo que hace de los aumentos puntuales mes a mes. Pero tambi\u00e9n la inflaci\u00f3n da aproximadamente 125%. En correlaci\u00f3n es una p\u00e9rdida. Solamente en el mes de mayo y de junio, creo, que se ha alcanzado la inflaci\u00f3n del mes. <strong>Han sido muy por debajo toda la primera parte del a\u00f1o los aumentos que se otorgaron\u201d<\/strong>.<\/p>\n<p><img data-recalc-dims=\"1\" loading=\"lazy\" decoding=\"async\" class=\"size-full wp-image-122822 aligncenter\" src=\"https:\/\/i0.wp.com\/cdnoticias.com\/wp-content\/uploads\/2024\/08\/ruidazo-unicen-adunce-00.jpg?resize=800%2C445&#038;ssl=1\" alt=\"\" width=\"800\" height=\"445\" srcset=\"https:\/\/i0.wp.com\/cdnoticias.com\/wp-content\/uploads\/2024\/08\/ruidazo-unicen-adunce-00.jpg?w=1000&amp;ssl=1 1000w, https:\/\/i0.wp.com\/cdnoticias.com\/wp-content\/uploads\/2024\/08\/ruidazo-unicen-adunce-00.jpg?resize=300%2C167&amp;ssl=1 300w, https:\/\/i0.wp.com\/cdnoticias.com\/wp-content\/uploads\/2024\/08\/ruidazo-unicen-adunce-00.jpg?resize=768%2C427&amp;ssl=1 768w, https:\/\/i0.wp.com\/cdnoticias.com\/wp-content\/uploads\/2024\/08\/ruidazo-unicen-adunce-00.jpg?resize=800%2C445&amp;ssl=1 800w\" sizes=\"auto, (max-width: 800px) 100vw, 800px\" \/><\/p>\n<p>El doctor Gast\u00f3n Barreto a\u00f1adi\u00f3 otro aspecto que suma gravedad a la situaci\u00f3n salarial de los docentes: la <strong>garant\u00eda salarial<\/strong>. Se trata de <strong>\u201cun m\u00ednimo que se cobra y que se define en paritaria.<\/strong> Si por escala, jerarqu\u00eda y antig\u00fcedad los docentes caen por debajo, autom\u00e1ticamente cobran el m\u00ednimo que es la garant\u00eda salarial. <strong>Eso no se ha discutido desde diciembre. Ha deteriorado much\u00edsimo los ingresos\u201d<\/strong> explic\u00f3.<\/p>\n<p>Consultado sobre la <strong>situaci\u00f3n de los investigadores del CONICET<\/strong>, se\u00f1al\u00f3 que \u201cya la devaluaci\u00f3n del mes de diciembre de 2023 gener\u00f3 un impacto tremendo en todos aquellos que trabajamos en ciencias duras donde la mayor\u00eda de<strong> los insumos que tenemos son en d\u00f3lares<\/strong>\u201d. Agreg\u00f3 que \u201cgener\u00f3 un <strong>impacto directo sobre los compromisos presupuestarios que ya ten\u00edamos adjudicados. Y no hubo ning\u00fan tipo de actualizaci\u00f3n\u201d<\/strong>. Tambi\u00e9n afirm\u00f3 que se vieron afectadas \u201cla <strong>cantidad de becas de doctorales<\/strong> otorgadas\u201d con \u201cla <strong>no actualizaci\u00f3n de los estipendios de becas<\/strong> como corresponde para formaci\u00f3n de doctores en investigaci\u00f3n\u201d. Adem\u00e1s apunt\u00f3 a que<strong> se posterg\u00f3 la convocatoria para la Agencia Nacional de Investigacione<\/strong>s, iba a cerrar en marzo y ahora se defini\u00f3 cerrar en septiembre, \u201ceso implic\u00f3 una demora de presentaci\u00f3n del proyecto para solicitud de financiamiento de 6 o 7 meses\u201d.<\/p>\n<p><strong>Las <a href=\"https:\/\/cdnoticias.com\/index.php\/2024\/08\/12\/paro-docente-en-la-unicen-este-lunes\/\" target=\"_blank\" rel=\"noopener\">medidas de fuerza convocadas por ADUNCE<\/a> continuar\u00e1n este mi\u00e9rcoles<\/strong> con una actividad para pintar banderas.<\/p>\n<p><img data-recalc-dims=\"1\" loading=\"lazy\" decoding=\"async\" class=\"alignnone size-full wp-image-122819\" src=\"https:\/\/i0.wp.com\/cdnoticias.com\/wp-content\/uploads\/2024\/08\/ruidazo-unicen-adunce-03.jpg?resize=800%2C445&#038;ssl=1\" alt=\"\" width=\"800\" height=\"445\" srcset=\"https:\/\/i0.wp.com\/cdnoticias.com\/wp-content\/uploads\/2024\/08\/ruidazo-unicen-adunce-03.jpg?w=1000&amp;ssl=1 1000w, https:\/\/i0.wp.com\/cdnoticias.com\/wp-content\/uploads\/2024\/08\/ruidazo-unicen-adunce-03.jpg?resize=300%2C167&amp;ssl=1 300w, https:\/\/i0.wp.com\/cdnoticias.com\/wp-content\/uploads\/2024\/08\/ruidazo-unicen-adunce-03.jpg?resize=768%2C427&amp;ssl=1 768w, https:\/\/i0.wp.com\/cdnoticias.com\/wp-content\/uploads\/2024\/08\/ruidazo-unicen-adunce-03.jpg?resize=800%2C445&amp;ssl=1 800w\" sizes=\"auto, (max-width: 800px) 100vw, 800px\" \/><\/p>\n<p><img data-recalc-dims=\"1\" loading=\"lazy\" decoding=\"async\" class=\"alignnone size-full wp-image-122820\" src=\"https:\/\/i0.wp.com\/cdnoticias.com\/wp-content\/uploads\/2024\/08\/ruidazo-unicen-adunce-02.jpg?resize=800%2C445&#038;ssl=1\" alt=\"\" width=\"800\" height=\"445\" srcset=\"https:\/\/i0.wp.com\/cdnoticias.com\/wp-content\/uploads\/2024\/08\/ruidazo-unicen-adunce-02.jpg?w=1000&amp;ssl=1 1000w, https:\/\/i0.wp.com\/cdnoticias.com\/wp-content\/uploads\/2024\/08\/ruidazo-unicen-adunce-02.jpg?resize=300%2C167&amp;ssl=1 300w, https:\/\/i0.wp.com\/cdnoticias.com\/wp-content\/uploads\/2024\/08\/ruidazo-unicen-adunce-02.jpg?resize=768%2C427&amp;ssl=1 768w, https:\/\/i0.wp.com\/cdnoticias.com\/wp-content\/uploads\/2024\/08\/ruidazo-unicen-adunce-02.jpg?resize=800%2C445&amp;ssl=1 800w\" sizes=\"auto, (max-width: 800px) 100vw, 800px\" \/><\/p>\n","protected":false},"excerpt":{"rendered":"<p>Lo dijo el docente e investigador de la Facultad de Ingenier\u00eda, Gast\u00f3n Barreto. Este martes se realiz\u00f3 una manifestaci\u00f3n en<\/p>\n","protected":false},"author":4,"featured_media":122821,"comment_status":"closed","ping_status":"closed","sticky":false,"template":"","format":"standard","meta":{"_jetpack_memberships_contains_paid_content":false,"footnotes":""},"categories":[5,1],"tags":[],"class_list":["post-122818","post","type-post","status-publish","format-standard","has-post-thumbnail","hentry","category-informacion-general","category-portada"],"jetpack_featured_media_url":"https:\/\/i0.wp.com\/cdnoticias.com\/wp-content\/uploads\/2024\/08\/ruidazo-unicen-adunce-01.jpg?fit=1000%2C556&ssl=1","jetpack_sharing_enabled":true,"_links":{"self":[{"href":"https:\/\/cdnoticias.com\/index.php\/wp-json\/wp\/v2\/posts\/122818","targetHints":{"allow":["GET"]}}],"collection":[{"href":"https:\/\/cdnoticias.com\/index.php\/wp-json\/wp\/v2\/posts"}],"about":[{"href":"https:\/\/cdnoticias.com\/index.php\/wp-json\/wp\/v2\/types\/post"}],"author":[{"embeddable":true,"href":"https:\/\/cdnoticias.com\/index.php\/wp-json\/wp\/v2\/users\/4"}],"replies":[{"embeddable":true,"href":"https:\/\/cdnoticias.com\/index.php\/wp-json\/wp\/v2\/comments?post=122818"}],"version-history":[{"count":0,"href":"https:\/\/cdnoticias.com\/index.php\/wp-json\/wp\/v2\/posts\/122818\/revisions"}],"wp:featuredmedia":[{"embeddable":true,"href":"https:\/\/cdnoticias.com\/index.php\/wp-json\/wp\/v2\/media\/122821"}],"wp:attachment":[{"href":"https:\/\/cdnoticias.com\/index.php\/wp-json\/wp\/v2\/media?parent=122818"}],"wp:term":[{"taxonomy":"category","embeddable":true,"href":"https:\/\/cdnoticias.com\/index.php\/wp-json\/wp\/v2\/categories?post=122818"},{"taxonomy":"post_tag","embeddable":true,"href":"https:\/\/cdnoticias.com\/index.php\/wp-json\/wp\/v2\/tags?post=122818"}],"curies":[{"name":"wp","href":"https:\/\/api.w.org\/{rel}","templated":true}]}}