{"id":122809,"date":"2024-08-13T13:25:56","date_gmt":"2024-08-13T16:25:56","guid":{"rendered":"https:\/\/cdnoticias.com\/?p=122809"},"modified":"2024-08-13T13:25:58","modified_gmt":"2024-08-13T16:25:58","slug":"aun-en-conciliacion-obligatoria-el-stmo-presiona-por-paritarias-desde-redes-sociales","status":"publish","type":"post","link":"https:\/\/cdnoticias.com\/index.php\/2024\/08\/13\/aun-en-conciliacion-obligatoria-el-stmo-presiona-por-paritarias-desde-redes-sociales\/","title":{"rendered":"Aun en conciliaci\u00f3n obligatoria, el STMO presiona por paritarias desde redes sociales"},"content":{"rendered":"\n<p>Denunciaron que \u201ca los municipales se les neg\u00f3 la posibilidad\u201d de acompa\u00f1ar la inflaci\u00f3n con subas salariales. Colgaron pasacalles an\u00f3nimos pero con referencia a reclamos del sindicato.<\/p>\n\n\n\n<hr class=\"wp-block-separator aligncenter has-alpha-channel-opacity\"\/>\n\n\n\n<p>Este martes, <strong>el Sindicato de Trabajadores Municipales de Olavarr\u00eda profundiz\u00f3 con sus reclamos mediante redes sociales y algunos pasacalles que, si bien fueron an\u00f3nimos, ten\u00edan consignas vinculadas a reclamos que llevan a la gesti\u00f3n.<\/strong><\/p>\n\n\n\n<p>En redes sociales, hicieron principal \u00e9nfasis en que <strong>los gremios privados \u201cacompa\u00f1aron la inflaci\u00f3n\u201d con subas salariales, mientras que \u201ca los municipales se les neg\u00f3 esa posibilidad\u201d.<\/strong><\/p>\n\n\n\n<p>Adem\u00e1s, indicaron en cifras que <em>\u201cal 31 de agosto vamos a estar 56 puntos por debajo de la inflaci\u00f3n en s\u00f3lo 8 meses de gesti\u00f3n Wesner\u201d.<\/em><\/p>\n\n\n\n<p>Cabe recordar que<strong> el \u00faltimo acuerdo paritario, dividido en tres subas escalonadas mensuales, rige hasta fines de agosto y en septiembre se reanudar\u00edan las discusiones. El Sindicato desconoci\u00f3 el acuerdo y pidi\u00f3 reabrir de forma urgente las paritarias, y tras la no respuesta de la comuna en 48 horas de emitida una nota, se declararon en estado de alerta y movilizaci\u00f3n, con medidas de fuerza en el Hospital Municipal.<\/strong><\/p>\n\n\n\n<p>El mismo d\u00eda<strong>, el Ministerio de Trabajo intervino en el conflicto y dict\u00f3 la conciliaci\u00f3n obligatoria por 15 d\u00edas. <\/strong>En ese plazo, se retrotrajeron las medidas al estado previo de alerta y movilizaci\u00f3n, pero mantuvieron las banderas en la puerta del Hospital y colgaron varios pasacalles con reclamos.<\/p>\n","protected":false},"excerpt":{"rendered":"<p>Denunciaron que \u201ca los municipales se les neg\u00f3 la posibilidad\u201d de acompa\u00f1ar la inflaci\u00f3n con subas salariales. Colgaron pasacalles an\u00f3nimos<\/p>\n","protected":false},"author":2,"featured_media":122810,"comment_status":"closed","ping_status":"closed","sticky":false,"template":"","format":"standard","meta":{"_jetpack_memberships_contains_paid_content":false,"footnotes":""},"categories":[4,1],"tags":[],"class_list":["post-122809","post","type-post","status-publish","format-standard","has-post-thumbnail","hentry","category-politica","category-portada"],"jetpack_featured_media_url":"https:\/\/i0.wp.com\/cdnoticias.com\/wp-content\/uploads\/2024\/08\/reclamo-pasacalles.jpg?fit=966%2C537&ssl=1","jetpack_sharing_enabled":true,"_links":{"self":[{"href":"https:\/\/cdnoticias.com\/index.php\/wp-json\/wp\/v2\/posts\/122809","targetHints":{"allow":["GET"]}}],"collection":[{"href":"https:\/\/cdnoticias.com\/index.php\/wp-json\/wp\/v2\/posts"}],"about":[{"href":"https:\/\/cdnoticias.com\/index.php\/wp-json\/wp\/v2\/types\/post"}],"author":[{"embeddable":true,"href":"https:\/\/cdnoticias.com\/index.php\/wp-json\/wp\/v2\/users\/2"}],"replies":[{"embeddable":true,"href":"https:\/\/cdnoticias.com\/index.php\/wp-json\/wp\/v2\/comments?post=122809"}],"version-history":[{"count":0,"href":"https:\/\/cdnoticias.com\/index.php\/wp-json\/wp\/v2\/posts\/122809\/revisions"}],"wp:featuredmedia":[{"embeddable":true,"href":"https:\/\/cdnoticias.com\/index.php\/wp-json\/wp\/v2\/media\/122810"}],"wp:attachment":[{"href":"https:\/\/cdnoticias.com\/index.php\/wp-json\/wp\/v2\/media?parent=122809"}],"wp:term":[{"taxonomy":"category","embeddable":true,"href":"https:\/\/cdnoticias.com\/index.php\/wp-json\/wp\/v2\/categories?post=122809"},{"taxonomy":"post_tag","embeddable":true,"href":"https:\/\/cdnoticias.com\/index.php\/wp-json\/wp\/v2\/tags?post=122809"}],"curies":[{"name":"wp","href":"https:\/\/api.w.org\/{rel}","templated":true}]}}