{"id":122806,"date":"2024-08-13T12:03:47","date_gmt":"2024-08-13T15:03:47","guid":{"rendered":"https:\/\/cdnoticias.com\/?p=122806"},"modified":"2024-08-13T16:44:44","modified_gmt":"2024-08-13T19:44:44","slug":"murio-un-joven-de-laprida-tras-resultar-herido-y-quedar-atrapado-en-una-camioneta-por-12-horas","status":"publish","type":"post","link":"https:\/\/cdnoticias.com\/index.php\/2024\/08\/13\/murio-un-joven-de-laprida-tras-resultar-herido-y-quedar-atrapado-en-una-camioneta-por-12-horas\/","title":{"rendered":"Muri\u00f3 un joven de Laprida tras resultar herido y quedar atrapado en una camioneta por 12 horas"},"content":{"rendered":"\n<p>El conductor, que se fue del lugar tras el siniestro vial, qued\u00f3 imputado. La camioneta volc\u00f3 en un camino vecina cerca de ruta 51 el pasado s\u00e1bado.<\/p>\n\n\n\n<hr class=\"wp-block-separator aligncenter has-alpha-channel-opacity\"\/>\n\n\n\n<p>Este martes, <strong>un joven de 28 a\u00f1os muri\u00f3 en el Hospital de Olavarr\u00eda luego de haber participado de un vuelco de una camioneta en un camino vial. La gravedad del hecho se produjo dado que iba de acompa\u00f1ante, qued\u00f3 atrapado en el veh\u00edculo y el conductor escap\u00f3: pas\u00f3 12 horas expuesto a temperaturas bajo cero hasta que fue rescatado por personal de Bomberos.<\/strong><\/p>\n\n\n\n<p>El joven, identificado como<strong> Tadeo Vidal, iba de acompa\u00f1ante en una camioneta Ford F100 cuando en un camino rural del Partido de Laprida en proximidades del Establecimiento El Chiche, a pocos kil\u00f3metros de Ruta 51, altura Los Pitufos, volcaron en causas que se intentan esclarecer a\u00fan.<\/strong><\/p>\n\n\n\n<p>La camioneta, que qued\u00f3 con sus cuatro ruedas para arriba, dej\u00f3 a Vidal gravemente herido y atrapado en el habit\u00e1culo de la cintura para abajo, quedando la mitad de su cuerpo fuera de la cabina. <strong>El conductor, William Lastra de 27 a\u00f1os de Laprida, se fue del lugar y apareci\u00f3 12 horas despu\u00e9s en el Hospital.<\/strong><\/p>\n\n\n\n<blockquote class=\"wp-block-quote is-layout-flow wp-block-quote-is-layout-flow\">\n<p>Vidal pas\u00f3 12 horas a la intemperie \u2013con temperaturas bajo cero- sin recibir ayuda hasta que lograron encontrarlo en la ma\u00f1ana siguiente: intervino adem\u00e1s de personal policial y de salud, una dotaci\u00f3n de Bomberos Voluntarios que debi\u00f3 cortar parte de la carrocer\u00eda y coloc\u00f3 al joven en camilla para su traslado, en ambulancia al hospital de Laprida.<\/p>\n<\/blockquote>\n\n\n\n<p>Tras ser intervenido quir\u00fargicamente, <strong>el joven fue trasladado con graves heridas a Olavarr\u00eda, donde falleci\u00f3 este martes.<\/strong><\/p>\n\n\n\n<p>En la ma\u00f1ana del s\u00e1bado se abri\u00f3 una causa caratulada como \u201cLesiones culposas\u201d, que se prev\u00e9 que en las pr\u00f3ximas horas se modifique a \u201cHomicidio culposo\u201d. <strong>La familia de Vidal denunci\u00f3 que en las 12 horas que el conductor de la camioneta desapareci\u00f3, se podr\u00eda haber \u201climpiado\u201d del consumo de alcohol u otras sustancias que podr\u00edan haber generado el siniestro vial.<\/strong> Adem\u00e1s, carg\u00f3 por &#8220;abandono de persona&#8221; dado que cuando fue encontrado, no ten\u00eda signos de haber pasado fr\u00edo durante la noche, ni siquiera ten\u00eda heridas por el hecho. <\/p>\n\n\n\n<figure class=\"wp-block-embed is-type-wp-embed is-provider-en-linea-noticias wp-block-embed-en-linea-noticias\"><div class=\"wp-block-embed__wrapper\">\n<blockquote class=\"wp-embedded-content\" data-secret=\"9YZAiaQOY0\"><a href=\"https:\/\/enlineanoticias.com.ar\/la-region\/estuvo-12-horas-tirado-en-el-medio-del-campo-ni-a-un-perro-se-lo-deja-asi\/\">&#8220;Estuvo 12 horas tirado en el medio del campo, ni a un perro se lo deja as\u00ed&#8221;<\/a><\/blockquote><iframe loading=\"lazy\" class=\"wp-embedded-content\" sandbox=\"allow-scripts\" security=\"restricted\" style=\"position: absolute; visibility: hidden;\" title=\"\u00ab&#8220;Estuvo 12 horas tirado en el medio del campo, ni a un perro se lo deja as\u00ed&#8221;\u00bb \u2014 En Linea Noticias\" src=\"https:\/\/enlineanoticias.com.ar\/la-region\/estuvo-12-horas-tirado-en-el-medio-del-campo-ni-a-un-perro-se-lo-deja-asi\/embed\/#?secret=FBrOvynoU7#?secret=9YZAiaQOY0\" data-secret=\"9YZAiaQOY0\" width=\"600\" height=\"338\" frameborder=\"0\" marginwidth=\"0\" marginheight=\"0\" scrolling=\"no\"><\/iframe>\n<\/div><\/figure>\n","protected":false},"excerpt":{"rendered":"<p>El conductor, que se fue del lugar tras el siniestro vial, qued\u00f3 imputado. La camioneta volc\u00f3 en un camino vecina<\/p>\n","protected":false},"author":2,"featured_media":122807,"comment_status":"closed","ping_status":"closed","sticky":false,"template":"","format":"standard","meta":{"_jetpack_memberships_contains_paid_content":false,"footnotes":""},"categories":[14,1],"tags":[],"class_list":["post-122806","post","type-post","status-publish","format-standard","has-post-thumbnail","hentry","category-policiales","category-portada"],"jetpack_featured_media_url":"https:\/\/i0.wp.com\/cdnoticias.com\/wp-content\/uploads\/2024\/08\/laprida-accidente.jpg?fit=948%2C579&ssl=1","jetpack_sharing_enabled":true,"_links":{"self":[{"href":"https:\/\/cdnoticias.com\/index.php\/wp-json\/wp\/v2\/posts\/122806","targetHints":{"allow":["GET"]}}],"collection":[{"href":"https:\/\/cdnoticias.com\/index.php\/wp-json\/wp\/v2\/posts"}],"about":[{"href":"https:\/\/cdnoticias.com\/index.php\/wp-json\/wp\/v2\/types\/post"}],"author":[{"embeddable":true,"href":"https:\/\/cdnoticias.com\/index.php\/wp-json\/wp\/v2\/users\/2"}],"replies":[{"embeddable":true,"href":"https:\/\/cdnoticias.com\/index.php\/wp-json\/wp\/v2\/comments?post=122806"}],"version-history":[{"count":0,"href":"https:\/\/cdnoticias.com\/index.php\/wp-json\/wp\/v2\/posts\/122806\/revisions"}],"wp:featuredmedia":[{"embeddable":true,"href":"https:\/\/cdnoticias.com\/index.php\/wp-json\/wp\/v2\/media\/122807"}],"wp:attachment":[{"href":"https:\/\/cdnoticias.com\/index.php\/wp-json\/wp\/v2\/media?parent=122806"}],"wp:term":[{"taxonomy":"category","embeddable":true,"href":"https:\/\/cdnoticias.com\/index.php\/wp-json\/wp\/v2\/categories?post=122806"},{"taxonomy":"post_tag","embeddable":true,"href":"https:\/\/cdnoticias.com\/index.php\/wp-json\/wp\/v2\/tags?post=122806"}],"curies":[{"name":"wp","href":"https:\/\/api.w.org\/{rel}","templated":true}]}}