{"id":1228,"date":"2020-09-10T12:06:06","date_gmt":"2020-09-10T15:06:06","guid":{"rendered":"http:\/\/www.centraldenoticias.com.ar\/?p=1228"},"modified":"2020-09-10T12:06:06","modified_gmt":"2020-09-10T15:06:06","slug":"guillermo-roberto-velaz-tito-q-e-p-d","status":"publish","type":"post","link":"https:\/\/cdnoticias.com\/index.php\/2020\/09\/10\/guillermo-roberto-velaz-tito-q-e-p-d\/","title":{"rendered":"Guillermo Roberto Velaz &#8220;Tito&#8221; (Q.E.P.D.)"},"content":{"rendered":"<p>Falleci\u00f3 en Olavarr\u00eda a los 80 a\u00f1os de edad. Su esposa Mar\u00eda Luisa Crozzoli; sus hijos Mar\u00eda Alejandra, Pablo Guillermo y Mauricio Javier; sus hijos pol\u00edticos Ana Sacher y Noelia San Mart\u00edn; sus nietos Diego, Enzo, Thiago, Pedro Velaz y dem\u00e1s deudos participan su fallecimiento.<\/p>\n<p>&nbsp;<\/p>\n<p>Sus restos ser\u00e1n inhumados este jueves a las 14.30 horas en el Cementerio Loma de Paz. Nacido en Olavarr\u00eda, vecino del barrio CECO, jubilado y reconocido boch\u00f3filo de la ciudad.<\/p>\n","protected":false},"excerpt":{"rendered":"<p>Falleci\u00f3 en Olavarr\u00eda a los 80 a\u00f1os de edad. Su esposa Mar\u00eda Luisa Crozzoli; sus hijos Mar\u00eda Alejandra, Pablo Guillermo<\/p>\n","protected":false},"author":2,"featured_media":0,"comment_status":"closed","ping_status":"closed","sticky":false,"template":"","format":"standard","meta":{"_jetpack_memberships_contains_paid_content":false,"footnotes":""},"categories":[10],"tags":[],"class_list":["post-1228","post","type-post","status-publish","format-standard","hentry","category-necrologicas"],"jetpack_featured_media_url":"","jetpack_sharing_enabled":true,"_links":{"self":[{"href":"https:\/\/cdnoticias.com\/index.php\/wp-json\/wp\/v2\/posts\/1228","targetHints":{"allow":["GET"]}}],"collection":[{"href":"https:\/\/cdnoticias.com\/index.php\/wp-json\/wp\/v2\/posts"}],"about":[{"href":"https:\/\/cdnoticias.com\/index.php\/wp-json\/wp\/v2\/types\/post"}],"author":[{"embeddable":true,"href":"https:\/\/cdnoticias.com\/index.php\/wp-json\/wp\/v2\/users\/2"}],"replies":[{"embeddable":true,"href":"https:\/\/cdnoticias.com\/index.php\/wp-json\/wp\/v2\/comments?post=1228"}],"version-history":[{"count":0,"href":"https:\/\/cdnoticias.com\/index.php\/wp-json\/wp\/v2\/posts\/1228\/revisions"}],"wp:attachment":[{"href":"https:\/\/cdnoticias.com\/index.php\/wp-json\/wp\/v2\/media?parent=1228"}],"wp:term":[{"taxonomy":"category","embeddable":true,"href":"https:\/\/cdnoticias.com\/index.php\/wp-json\/wp\/v2\/categories?post=1228"},{"taxonomy":"post_tag","embeddable":true,"href":"https:\/\/cdnoticias.com\/index.php\/wp-json\/wp\/v2\/tags?post=1228"}],"curies":[{"name":"wp","href":"https:\/\/api.w.org\/{rel}","templated":true}]}}