{"id":122772,"date":"2024-08-13T11:52:59","date_gmt":"2024-08-13T14:52:59","guid":{"rendered":"https:\/\/cdnoticias.com\/?p=122772"},"modified":"2024-08-13T11:53:02","modified_gmt":"2024-08-13T14:53:02","slug":"crean-mapa-interactivo-para-compartir-el-recorrido-de-la-ballena-franca-en-costas-bonaerenses","status":"publish","type":"post","link":"https:\/\/cdnoticias.com\/index.php\/2024\/08\/13\/crean-mapa-interactivo-para-compartir-el-recorrido-de-la-ballena-franca-en-costas-bonaerenses\/","title":{"rendered":"Crean mapa interactivo para compartir el recorrido de la ballena franca en costas bonaerenses"},"content":{"rendered":"\n<p>El mapa est\u00e1 habilitado para sumar cualquier tipo de dato relacionado con la especie.<\/p>\n\n\n\n<hr class=\"wp-block-separator has-alpha-channel-opacity\"\/>\n\n\n\n<p>Desde hace varios a\u00f1os, <strong>el recorrido de la ballena franca austral desde Brasil hacia las costas de la provincia de Chubut<\/strong>, que ocurre durante los meses de oto\u00f1o e invierno para aparearse y dar a luz a sus cr\u00edas, tiene <strong>\u201cnuevas postas\u201d de avistamiento humano en la costa de la provincia de Buenos Aires.<\/strong><\/p>\n\n\n\n<p><\/p>\n\n\n\n<p>El <strong>necochense Ignacio Mariscal <\/strong>cre\u00f3 un mapa interactivo colectivo, para registrar el nuevo camino que realiza esta especie que habita las costas argentinas durante su ciclo reproductivo. No obstante, <strong>el mapa est\u00e1 habilitado para sumar cualquier tipo de dato relacionado con la especie.<\/strong><\/p>\n\n\n\n<p><\/p>\n\n\n\n<p><strong>\u201c\u00a1Bienvenido al Mapa de las Ballenas! <\/strong>Este innovador proyecto de <a href=\"https:\/\/puertosbonaerenses.com\/\" data-type=\"link\" data-id=\"https:\/\/puertosbonaerenses.com\/\">puertosbonaerenses.com<\/a>, con la participaci\u00f3n de la comunidad, tiene el objetivo de facilitar el seguimiento en tiempo real de las ballenas en la costa bonaerense y en cualquier parte del mundo. El mapa se actualiza cada 24 horas, y los marcadores que la gente ha colocado durante el d\u00eda desaparecen del mapa\u201d, indica el sitio.<\/p>\n\n\n\n<p><\/p>\n\n\n\n<p>Asimismo, aclara que \u201cla informaci\u00f3n no se pierde\u201d, sino que se guarda en el servidor, y \u201cpermite difundir, a lo largo del tiempo, informes sobre el movimiento de los cet\u00e1ceos para su investigaci\u00f3n, informes a los que podr\u00e1 acceder quien quiera<strong>. Luego, cada d\u00eda, se vuelve a mostrar la nueva posici\u00f3n de las ballenas<\/strong>\u201d.<\/p>\n\n\n\n<p><\/p>\n\n\n\n<blockquote class=\"wp-block-quote is-layout-flow wp-block-quote-is-layout-flow\">\n<p>En el mapa, los usuarios que ingresen pueden indicar la localizaci\u00f3n, adjuntar fotos y proporcionar descripciones detalladas de sus avistamientos. Est\u00e1 disponible en el sitio web https:\/\/puertosbonaerenses.com\/mapa-de-las-ballenas, tiene como principal prop\u00f3sito la construcci\u00f3n de conocimiento de forma colectiva, que podr\u00eda ser de gran utilidad en futuras investigaciones cient\u00edficas.<\/p>\n<\/blockquote>\n\n\n\n<p><\/p>\n\n\n\n<p>La iniciativa tiene tambi\u00e9n como respaldo la cuenta <a href=\"https:\/\/www.instagram.com\/ballenasnecochea?utm_source=ig_web_button_share_sheet&amp;igsh=ZDNlZDc0MzIxNw%3D%3D\" data-type=\"link\" data-id=\"https:\/\/www.instagram.com\/ballenasnecochea?utm_source=ig_web_button_share_sheet&amp;igsh=ZDNlZDc0MzIxNw%3D%3D\">@ballenasnecochea.<\/a><\/p>\n\n\n\n<p><\/p>\n\n\n\n<p>Este tipo de colaboraci\u00f3n, denominada <strong>\u201cciencia ciudadana\u201d,<\/strong> permite un seguimiento detallado del comportamiento de los mam\u00edferos marinos en la costa, proporcionando datos relevantes para su estudio y conservaci\u00f3n.<\/p>\n\n\n\n<p><\/p>\n\n\n\n<p><em>Fuente: DIB.<\/em><\/p>\n","protected":false},"excerpt":{"rendered":"<p>El mapa est\u00e1 habilitado para sumar cualquier tipo de dato relacionado con la especie. Desde hace varios a\u00f1os, el recorrido<\/p>\n","protected":false},"author":2,"featured_media":122773,"comment_status":"closed","ping_status":"closed","sticky":false,"template":"","format":"standard","meta":{"_jetpack_memberships_contains_paid_content":false,"footnotes":""},"categories":[6,1],"tags":[],"class_list":["post-122772","post","type-post","status-publish","format-standard","has-post-thumbnail","hentry","category-nacionales","category-portada"],"jetpack_featured_media_url":"https:\/\/i0.wp.com\/cdnoticias.com\/wp-content\/uploads\/2024\/08\/ballenas-x-3.jpg?fit=800%2C445&ssl=1","jetpack_sharing_enabled":true,"_links":{"self":[{"href":"https:\/\/cdnoticias.com\/index.php\/wp-json\/wp\/v2\/posts\/122772","targetHints":{"allow":["GET"]}}],"collection":[{"href":"https:\/\/cdnoticias.com\/index.php\/wp-json\/wp\/v2\/posts"}],"about":[{"href":"https:\/\/cdnoticias.com\/index.php\/wp-json\/wp\/v2\/types\/post"}],"author":[{"embeddable":true,"href":"https:\/\/cdnoticias.com\/index.php\/wp-json\/wp\/v2\/users\/2"}],"replies":[{"embeddable":true,"href":"https:\/\/cdnoticias.com\/index.php\/wp-json\/wp\/v2\/comments?post=122772"}],"version-history":[{"count":0,"href":"https:\/\/cdnoticias.com\/index.php\/wp-json\/wp\/v2\/posts\/122772\/revisions"}],"wp:featuredmedia":[{"embeddable":true,"href":"https:\/\/cdnoticias.com\/index.php\/wp-json\/wp\/v2\/media\/122773"}],"wp:attachment":[{"href":"https:\/\/cdnoticias.com\/index.php\/wp-json\/wp\/v2\/media?parent=122772"}],"wp:term":[{"taxonomy":"category","embeddable":true,"href":"https:\/\/cdnoticias.com\/index.php\/wp-json\/wp\/v2\/categories?post=122772"},{"taxonomy":"post_tag","embeddable":true,"href":"https:\/\/cdnoticias.com\/index.php\/wp-json\/wp\/v2\/tags?post=122772"}],"curies":[{"name":"wp","href":"https:\/\/api.w.org\/{rel}","templated":true}]}}