{"id":122767,"date":"2024-08-13T10:40:02","date_gmt":"2024-08-13T13:40:02","guid":{"rendered":"https:\/\/cdnoticias.com\/?p=122767"},"modified":"2024-08-13T10:40:04","modified_gmt":"2024-08-13T13:40:04","slug":"atencion-itinerante-de-la-direccion-de-discapacidad-y-personas-mayores","status":"publish","type":"post","link":"https:\/\/cdnoticias.com\/index.php\/2024\/08\/13\/atencion-itinerante-de-la-direccion-de-discapacidad-y-personas-mayores\/","title":{"rendered":"Atenci\u00f3n itinerante de la Direcci\u00f3n de Discapacidad y Personas Mayores"},"content":{"rendered":"\n<p>Este mi\u00e9rcoles, en el barrio Pueyrred\u00f3n. El objetivo es acercar a vecinos y vecinas de todo el Partido la posibilidad de gestionar diversos tr\u00e1mites, evacuar inquietudes y conocer los programas y servicios que se ofrecen desde dicha \u00e1rea.<\/p>\n\n\n\n<hr class=\"wp-block-separator aligncenter has-alpha-channel-opacity\"\/>\n\n\n\n<p>Desde la <strong>Direcci\u00f3n de Discapacidad y Personas Mayores<\/strong> del Municipio de Olavarr\u00eda se inform\u00f3 que contin\u00faa el operativo de atenci\u00f3n itinerante, que tiene como objetivo acercar a vecinos y vecinas de todo el Partido la posibilidad de <strong>gestionar diversos tr\u00e1mites<\/strong>, como as\u00ed tambi\u00e9n evacuar inquietudes y conocer los programas y servicios que se ofrecen desde dicha \u00e1rea.<\/p>\n\n\n\n<p><\/p>\n\n\n\n<p>En ese marco, <strong>este mi\u00e9rcoles atender\u00e1n en el barrio Pueyrred\u00f3n<\/strong>, m\u00e1s precisamente en el <strong>Centro de Jubilados y Pensionados San Cayetano,<\/strong> ubicados sobre el cruce de Rend\u00f3n y Piedras, <strong>en el horario de 10:00 a 11:30 horas.<\/strong><\/p>\n\n\n\n<p><\/p>\n\n\n\n<p>A la par, se detall\u00f3 cu\u00e1l ser\u00e1 el cronograma para lo que resta del presente mes, para que las personas interesadas puedan agendarlo y acercarse al punto de atenci\u00f3n m\u00e1s cercano a su domicilio.<\/p>\n\n\n\n<p><\/p>\n\n\n\n<blockquote class=\"wp-block-quote is-layout-flow wp-block-quote-is-layout-flow\">\n<p>El mi\u00e9rcoles 21 de agosto estar\u00e1n en el barrio Amparo Castro, en la Junta Vecinal ubicada sobre Aguilar 2250, mientras que el mi\u00e9rcoles 28 lo har\u00e1n en el barrio Hip\u00f3lito Yrigoyen, en el Servicio Territorial N\u00b0 4 ubicado en Rufino Fal 4124, siempre en el horario 10:00 a 11:30 horas.<\/p>\n<\/blockquote>\n\n\n\n<p><\/p>\n\n\n\n<p>Por \u00faltimo, por consultas o inquietudes se pueden acercar a la sede de la Direcci\u00f3n Municipal de Discapacidad y Personas Mayores, con sede en Las Heras 5398 (esquina La Rioja), de lunes a viernes en el horario de 7 a 13 horas, o comunicarse al n\u00famero 2284 &#8211; 300138, l\u00ednea habilitada adem\u00e1s para enviar mensajes a trav\u00e9s de WhatsApp.<\/p>\n\n\n\n<p><\/p>\n","protected":false},"excerpt":{"rendered":"<p>Este mi\u00e9rcoles, en el barrio Pueyrred\u00f3n. El objetivo es acercar a vecinos y vecinas de todo el Partido la posibilidad<\/p>\n","protected":false},"author":6,"featured_media":122768,"comment_status":"closed","ping_status":"closed","sticky":false,"template":"","format":"standard","meta":{"_jetpack_memberships_contains_paid_content":false,"footnotes":""},"categories":[5,1],"tags":[],"class_list":["post-122767","post","type-post","status-publish","format-standard","has-post-thumbnail","hentry","category-informacion-general","category-portada"],"jetpack_featured_media_url":"https:\/\/i0.wp.com\/cdnoticias.com\/wp-content\/uploads\/2024\/08\/dirrecion-de-dicapacidad.png?fit=900%2C405&ssl=1","jetpack_sharing_enabled":true,"_links":{"self":[{"href":"https:\/\/cdnoticias.com\/index.php\/wp-json\/wp\/v2\/posts\/122767","targetHints":{"allow":["GET"]}}],"collection":[{"href":"https:\/\/cdnoticias.com\/index.php\/wp-json\/wp\/v2\/posts"}],"about":[{"href":"https:\/\/cdnoticias.com\/index.php\/wp-json\/wp\/v2\/types\/post"}],"author":[{"embeddable":true,"href":"https:\/\/cdnoticias.com\/index.php\/wp-json\/wp\/v2\/users\/6"}],"replies":[{"embeddable":true,"href":"https:\/\/cdnoticias.com\/index.php\/wp-json\/wp\/v2\/comments?post=122767"}],"version-history":[{"count":0,"href":"https:\/\/cdnoticias.com\/index.php\/wp-json\/wp\/v2\/posts\/122767\/revisions"}],"wp:featuredmedia":[{"embeddable":true,"href":"https:\/\/cdnoticias.com\/index.php\/wp-json\/wp\/v2\/media\/122768"}],"wp:attachment":[{"href":"https:\/\/cdnoticias.com\/index.php\/wp-json\/wp\/v2\/media?parent=122767"}],"wp:term":[{"taxonomy":"category","embeddable":true,"href":"https:\/\/cdnoticias.com\/index.php\/wp-json\/wp\/v2\/categories?post=122767"},{"taxonomy":"post_tag","embeddable":true,"href":"https:\/\/cdnoticias.com\/index.php\/wp-json\/wp\/v2\/tags?post=122767"}],"curies":[{"name":"wp","href":"https:\/\/api.w.org\/{rel}","templated":true}]}}