{"id":122715,"date":"2024-08-11T20:33:55","date_gmt":"2024-08-11T23:33:55","guid":{"rendered":"https:\/\/cdnoticias.com\/?p=122715"},"modified":"2024-08-11T20:33:57","modified_gmt":"2024-08-11T23:33:57","slug":"albino-angel-hernandez-q-e-p-d","status":"publish","type":"post","link":"https:\/\/cdnoticias.com\/index.php\/2024\/08\/11\/albino-angel-hernandez-q-e-p-d\/","title":{"rendered":"Albino \u00c1ngel Hern\u00e1ndez (Q.E.P.D.)"},"content":{"rendered":"<p>Falleci\u00f3 en Olavarr\u00eda el d\u00eda 10 de agosto de 2024 a los 74 a\u00f1os de edad.<\/p>\n<p>Su esposa: Sandra. Su hijas, hijos pol\u00edticos, nietos, suegros, hermano pol\u00edtico y dem\u00e1s deudos participan su fallecimiento. <\/p>\n<p>Velatorio: Espa\u00f1a 2942 departamento &#8220;C&#8221;, cierra 00 hs, reabre el lunes 9 hs. Sin responso. Inhumaci\u00f3n: Loma de Paz, lunes 12 de agosto a las 10:30 hs.<\/p>\n<p>Barrio en el que viv\u00eda: UTA.<\/p>\n<p>Lugar de nacimiento: Coronel Suarez.<\/p>\n<p>Actividad que desarrollaba: Jubilado del Servicio Penitenciario.<\/p>\n","protected":false},"excerpt":{"rendered":"<p>Falleci\u00f3 en Olavarr\u00eda el d\u00eda 10 de agosto de 2024 a los 74 a\u00f1os de edad. Su esposa: Sandra. Su<\/p>\n","protected":false},"author":4,"featured_media":51544,"comment_status":"closed","ping_status":"closed","sticky":false,"template":"","format":"standard","meta":{"_jetpack_memberships_contains_paid_content":false,"footnotes":""},"categories":[10],"tags":[],"class_list":["post-122715","post","type-post","status-publish","format-standard","has-post-thumbnail","hentry","category-necrologicas"],"jetpack_featured_media_url":"https:\/\/i0.wp.com\/cdnoticias.com\/wp-content\/uploads\/2022\/04\/necrologicas-390-x-240.jpg?fit=390%2C240&ssl=1","jetpack_sharing_enabled":true,"_links":{"self":[{"href":"https:\/\/cdnoticias.com\/index.php\/wp-json\/wp\/v2\/posts\/122715","targetHints":{"allow":["GET"]}}],"collection":[{"href":"https:\/\/cdnoticias.com\/index.php\/wp-json\/wp\/v2\/posts"}],"about":[{"href":"https:\/\/cdnoticias.com\/index.php\/wp-json\/wp\/v2\/types\/post"}],"author":[{"embeddable":true,"href":"https:\/\/cdnoticias.com\/index.php\/wp-json\/wp\/v2\/users\/4"}],"replies":[{"embeddable":true,"href":"https:\/\/cdnoticias.com\/index.php\/wp-json\/wp\/v2\/comments?post=122715"}],"version-history":[{"count":0,"href":"https:\/\/cdnoticias.com\/index.php\/wp-json\/wp\/v2\/posts\/122715\/revisions"}],"wp:featuredmedia":[{"embeddable":true,"href":"https:\/\/cdnoticias.com\/index.php\/wp-json\/wp\/v2\/media\/51544"}],"wp:attachment":[{"href":"https:\/\/cdnoticias.com\/index.php\/wp-json\/wp\/v2\/media?parent=122715"}],"wp:term":[{"taxonomy":"category","embeddable":true,"href":"https:\/\/cdnoticias.com\/index.php\/wp-json\/wp\/v2\/categories?post=122715"},{"taxonomy":"post_tag","embeddable":true,"href":"https:\/\/cdnoticias.com\/index.php\/wp-json\/wp\/v2\/tags?post=122715"}],"curies":[{"name":"wp","href":"https:\/\/api.w.org\/{rel}","templated":true}]}}