{"id":122704,"date":"2024-08-11T20:40:03","date_gmt":"2024-08-11T23:40:03","guid":{"rendered":"https:\/\/cdnoticias.com\/?p=122704"},"modified":"2024-08-11T20:40:05","modified_gmt":"2024-08-11T23:40:05","slug":"como-estara-el-tiempo-en-olavarria-el-lunes-12-de-agosto","status":"publish","type":"post","link":"https:\/\/cdnoticias.com\/index.php\/2024\/08\/11\/como-estara-el-tiempo-en-olavarria-el-lunes-12-de-agosto\/","title":{"rendered":"C\u00f3mo estar\u00e1 el tiempo en Olavarr\u00eda el lunes 12 de agosto"},"content":{"rendered":"<p>Olavarr\u00eda tendr\u00e1 cielo nublado, bajas temperaturas y viento en aumento. A continuaci\u00f3n, te dejamos el pron\u00f3stico detallado.<!--more--><\/p>\n<hr \/>\n<p>Olavarr\u00eda experimentar\u00e1 este lunes una <strong>jornada marcada por el fr\u00edo y cambios en la intensidad del viento<\/strong>. Desde la <strong>madrugada<\/strong>, el<strong> cielo se mantendr\u00e1 parcialmente nublado<\/strong>, con una temperatura m\u00ednima de 2\u00b0C. Durante este periodo, el <strong>viento del sudoeste<\/strong> soplar\u00e1 a una velocidad moderada, oscilando entre los <strong>7 y 12 kil\u00f3metros por hora.<\/strong><\/p>\n<p>La<strong> ma\u00f1ana<\/strong> traer\u00e1 consigo un descenso en la temperatura, alcanzando los<strong> -1\u00b0C<\/strong>, un recordatorio del invierno que sigue firme en la regi\u00f3n. Sin embargo, los <strong>vientos continuar\u00e1n con la misma direcci\u00f3n e intensidad que en la madrugada<\/strong>.<\/p>\n<p>A medida que avance la <strong>tarde<\/strong>, se espera un leve ascenso en la temperatura, llegando a los <strong>13\u00b0C<\/strong>, acompa\u00f1ado por un cambio en la direcci\u00f3n del <strong>viento del noroeste<\/strong>, con una velocidad que aumentar\u00e1 a <strong>13-22 kil\u00f3metros por hora.<\/strong><\/p>\n<p>Finalmente, la <strong>noche<\/strong> se presentar\u00e1 con una <strong>temperatura de 6\u00b0C<\/strong>, mientras el<strong> viento del noroeste<\/strong> seguir\u00e1 intensific\u00e1ndose, alcanzando velocidades de entre <strong>23 y 31 kil\u00f3metros por hora<\/strong>. Un d\u00eda de contrastes para los habitantes de Olavarr\u00eda, donde el fr\u00edo persistir\u00e1 y el viento ser\u00e1 protagonista.<\/p>\n","protected":false},"excerpt":{"rendered":"<p>Olavarr\u00eda tendr\u00e1 cielo nublado, bajas temperaturas y viento en aumento. A continuaci\u00f3n, te dejamos el pron\u00f3stico detallado.<\/p>\n","protected":false},"author":4,"featured_media":118735,"comment_status":"closed","ping_status":"closed","sticky":false,"template":"","format":"standard","meta":{"_jetpack_memberships_contains_paid_content":false,"footnotes":""},"categories":[5],"tags":[],"class_list":["post-122704","post","type-post","status-publish","format-standard","has-post-thumbnail","hentry","category-informacion-general"],"jetpack_featured_media_url":"https:\/\/i0.wp.com\/cdnoticias.com\/wp-content\/uploads\/2024\/06\/olavarria-ciudad-clima-nublado-00.jpg?fit=1000%2C563&ssl=1","jetpack_sharing_enabled":true,"_links":{"self":[{"href":"https:\/\/cdnoticias.com\/index.php\/wp-json\/wp\/v2\/posts\/122704","targetHints":{"allow":["GET"]}}],"collection":[{"href":"https:\/\/cdnoticias.com\/index.php\/wp-json\/wp\/v2\/posts"}],"about":[{"href":"https:\/\/cdnoticias.com\/index.php\/wp-json\/wp\/v2\/types\/post"}],"author":[{"embeddable":true,"href":"https:\/\/cdnoticias.com\/index.php\/wp-json\/wp\/v2\/users\/4"}],"replies":[{"embeddable":true,"href":"https:\/\/cdnoticias.com\/index.php\/wp-json\/wp\/v2\/comments?post=122704"}],"version-history":[{"count":0,"href":"https:\/\/cdnoticias.com\/index.php\/wp-json\/wp\/v2\/posts\/122704\/revisions"}],"wp:featuredmedia":[{"embeddable":true,"href":"https:\/\/cdnoticias.com\/index.php\/wp-json\/wp\/v2\/media\/118735"}],"wp:attachment":[{"href":"https:\/\/cdnoticias.com\/index.php\/wp-json\/wp\/v2\/media?parent=122704"}],"wp:term":[{"taxonomy":"category","embeddable":true,"href":"https:\/\/cdnoticias.com\/index.php\/wp-json\/wp\/v2\/categories?post=122704"},{"taxonomy":"post_tag","embeddable":true,"href":"https:\/\/cdnoticias.com\/index.php\/wp-json\/wp\/v2\/tags?post=122704"}],"curies":[{"name":"wp","href":"https:\/\/api.w.org\/{rel}","templated":true}]}}