{"id":122701,"date":"2024-08-11T18:45:29","date_gmt":"2024-08-11T21:45:29","guid":{"rendered":"https:\/\/cdnoticias.com\/?p=122701"},"modified":"2024-08-11T20:27:46","modified_gmt":"2024-08-11T23:27:46","slug":"arrestado-por-conducir-ebrio-y-agredir-a-policias","status":"publish","type":"post","link":"https:\/\/cdnoticias.com\/index.php\/2024\/08\/11\/arrestado-por-conducir-ebrio-y-agredir-a-policias\/","title":{"rendered":"Arrestado por conducir ebrio y agredir a polic\u00edas"},"content":{"rendered":"<p>El acusado, de 34 a\u00f1os, fue interceptado en Necochea y 9 de Julio.<!--more--><\/p>\n<hr \/>\n<p>Un hombre termin\u00f3 <strong>arrestado<\/strong> despu\u00e9s de que efectivos policiales lo hallaran en <strong>infracci\u00f3n de tr\u00e1nsito<\/strong>. Es que el acusado <strong>agredi\u00f3 a los uniformados.<\/strong><\/p>\n<p>Seg\u00fan se detall\u00f3 desde la<strong> Comisar\u00eda Primera<\/strong>, fue este domingo. Personal en servicio POLAD para la Subsecretar\u00eda municipal de Producci\u00f3n Ciudadana<strong> intercept\u00f3 a un hombre quien circulaba al mando de un auto en estado de ebriedad<\/strong>. Durante la intervenci\u00f3n de los polic\u00edas, el hombre de 34 a\u00f1os, agredi\u00f3 a los efectivos.<\/p>\n<blockquote><p>Se inform\u00f3 que al momento de labrar infracci\u00f3n, el conductor descendi\u00f3 del auto y se neg\u00f3 a colaborar, \u201ctorn\u00e1ndose agresivo e incitando a la pelea a los efectivos policiales\u201d.<\/p><\/blockquote>\n<p>En ese punto <strong>qued\u00f3 aprehendido<\/strong> y fue trasladado a la Comisar\u00eda Primera. Se iniciaron actuaciones por<strong> \u201cdesobediencia\u201d<\/strong> con intervenci\u00f3n de la <strong>UFI N\u00ba 4.<\/strong><\/p>\n","protected":false},"excerpt":{"rendered":"<p>El acusado, de 34 a\u00f1os, fue interceptado en Necochea y 9 de Julio.<\/p>\n","protected":false},"author":4,"featured_media":122702,"comment_status":"closed","ping_status":"closed","sticky":false,"template":"","format":"standard","meta":{"_jetpack_memberships_contains_paid_content":false,"footnotes":""},"categories":[14,1],"tags":[],"class_list":["post-122701","post","type-post","status-publish","format-standard","has-post-thumbnail","hentry","category-policiales","category-portada"],"jetpack_featured_media_url":"https:\/\/i0.wp.com\/cdnoticias.com\/wp-content\/uploads\/2024\/08\/necochea-y-9-de-julio-00.jpg?fit=1000%2C557&ssl=1","jetpack_sharing_enabled":true,"_links":{"self":[{"href":"https:\/\/cdnoticias.com\/index.php\/wp-json\/wp\/v2\/posts\/122701","targetHints":{"allow":["GET"]}}],"collection":[{"href":"https:\/\/cdnoticias.com\/index.php\/wp-json\/wp\/v2\/posts"}],"about":[{"href":"https:\/\/cdnoticias.com\/index.php\/wp-json\/wp\/v2\/types\/post"}],"author":[{"embeddable":true,"href":"https:\/\/cdnoticias.com\/index.php\/wp-json\/wp\/v2\/users\/4"}],"replies":[{"embeddable":true,"href":"https:\/\/cdnoticias.com\/index.php\/wp-json\/wp\/v2\/comments?post=122701"}],"version-history":[{"count":0,"href":"https:\/\/cdnoticias.com\/index.php\/wp-json\/wp\/v2\/posts\/122701\/revisions"}],"wp:featuredmedia":[{"embeddable":true,"href":"https:\/\/cdnoticias.com\/index.php\/wp-json\/wp\/v2\/media\/122702"}],"wp:attachment":[{"href":"https:\/\/cdnoticias.com\/index.php\/wp-json\/wp\/v2\/media?parent=122701"}],"wp:term":[{"taxonomy":"category","embeddable":true,"href":"https:\/\/cdnoticias.com\/index.php\/wp-json\/wp\/v2\/categories?post=122701"},{"taxonomy":"post_tag","embeddable":true,"href":"https:\/\/cdnoticias.com\/index.php\/wp-json\/wp\/v2\/tags?post=122701"}],"curies":[{"name":"wp","href":"https:\/\/api.w.org\/{rel}","templated":true}]}}