{"id":122690,"date":"2024-08-11T13:30:12","date_gmt":"2024-08-11T16:30:12","guid":{"rendered":"https:\/\/cdnoticias.com\/?p=122690"},"modified":"2024-08-11T13:30:14","modified_gmt":"2024-08-11T16:30:14","slug":"buscan-adopcion-responsable-para-alain","status":"publish","type":"post","link":"https:\/\/cdnoticias.com\/index.php\/2024\/08\/11\/buscan-adopcion-responsable-para-alain\/","title":{"rendered":"Buscan adopci\u00f3n responsable para Alain"},"content":{"rendered":"\n<p>Es un perro joven, se estima de alrededor de dos a\u00f1os, que se encuentra alojado en el predio del \u00e1rea desde hace unos meses.<\/p>\n\n\n\n<hr class=\"wp-block-separator aligncenter has-alpha-channel-opacity\"\/>\n\n\n\n<p>La direcci\u00f3n de Bromatolog\u00eda del Municipio <strong>invita a conocer a Alain quien se encuentra en adopci\u00f3n responsable<\/strong> y es el perro ideal para la familia. <\/p>\n\n\n\n<p><\/p>\n\n\n\n<p>Alain es un <strong>perro joven,<\/strong> se estima de<strong> alrededor de dos a\u00f1os<\/strong>, que se encuentra alojado en el predio del \u00e1rea desde hace unos meses. \u201cS\u00faper sociable, Alain apareci\u00f3 cerca del predio y de a poco se fue quedando\u201d contaron.<\/p>\n\n\n\n<p><\/p>\n\n\n\n<figure class=\"wp-block-image aligncenter size-full\"><img data-recalc-dims=\"1\" loading=\"lazy\" decoding=\"async\" width=\"800\" height=\"442\" src=\"https:\/\/i0.wp.com\/cdnoticias.com\/wp-content\/uploads\/2024\/05\/alain1.jpg?resize=800%2C442&#038;ssl=1\" alt=\"\" class=\"wp-image-115205\" srcset=\"https:\/\/i0.wp.com\/cdnoticias.com\/wp-content\/uploads\/2024\/05\/alain1.jpg?w=1000&amp;ssl=1 1000w, https:\/\/i0.wp.com\/cdnoticias.com\/wp-content\/uploads\/2024\/05\/alain1.jpg?resize=300%2C166&amp;ssl=1 300w, https:\/\/i0.wp.com\/cdnoticias.com\/wp-content\/uploads\/2024\/05\/alain1.jpg?resize=768%2C424&amp;ssl=1 768w\" sizes=\"auto, (max-width: 800px) 100vw, 800px\" \/><\/figure>\n\n\n\n<p><\/p>\n\n\n\n<blockquote class=\"wp-block-quote is-layout-flow wp-block-quote-is-layout-flow\">\n<p>\u201cLe encanta estar con otros perros. Hoy se encuentra castrado, vacunado y desparasitado y goza de excelente salud. Es un barbucha, s\u00faper hermoso y simp\u00e1tico. Espera feliz y con alegr\u00eda poder ser adoptado por una hermosa familia\u201d, agregaron desde el \u00e1rea.<\/p>\n<\/blockquote>\n\n\n\n<p><\/p>\n\n\n\n<p>Podes conocer a Alain en el predio ubicado en Urquiza 5493, de lunes a viernes de 8:00 a 12:00 horas. Tambi\u00e9n pod\u00e9s comunicarte con el \u00e1rea por las redes oficiales del Municipio: Instagram: @olavarriamunicipio; Facebook: Municipio Partido de Olavarr\u00eda.<br><br><\/p>\n","protected":false},"excerpt":{"rendered":"<p>Es un perro joven, se estima de alrededor de dos a\u00f1os, que se encuentra alojado en el predio del \u00e1rea<\/p>\n","protected":false},"author":6,"featured_media":115207,"comment_status":"closed","ping_status":"closed","sticky":false,"template":"","format":"standard","meta":{"_jetpack_memberships_contains_paid_content":false,"footnotes":""},"categories":[5,1],"tags":[],"class_list":["post-122690","post","type-post","status-publish","format-standard","has-post-thumbnail","hentry","category-informacion-general","category-portada"],"jetpack_featured_media_url":"https:\/\/i0.wp.com\/cdnoticias.com\/wp-content\/uploads\/2024\/05\/alain3.jpg?fit=1000%2C567&ssl=1","jetpack_sharing_enabled":true,"_links":{"self":[{"href":"https:\/\/cdnoticias.com\/index.php\/wp-json\/wp\/v2\/posts\/122690","targetHints":{"allow":["GET"]}}],"collection":[{"href":"https:\/\/cdnoticias.com\/index.php\/wp-json\/wp\/v2\/posts"}],"about":[{"href":"https:\/\/cdnoticias.com\/index.php\/wp-json\/wp\/v2\/types\/post"}],"author":[{"embeddable":true,"href":"https:\/\/cdnoticias.com\/index.php\/wp-json\/wp\/v2\/users\/6"}],"replies":[{"embeddable":true,"href":"https:\/\/cdnoticias.com\/index.php\/wp-json\/wp\/v2\/comments?post=122690"}],"version-history":[{"count":0,"href":"https:\/\/cdnoticias.com\/index.php\/wp-json\/wp\/v2\/posts\/122690\/revisions"}],"wp:featuredmedia":[{"embeddable":true,"href":"https:\/\/cdnoticias.com\/index.php\/wp-json\/wp\/v2\/media\/115207"}],"wp:attachment":[{"href":"https:\/\/cdnoticias.com\/index.php\/wp-json\/wp\/v2\/media?parent=122690"}],"wp:term":[{"taxonomy":"category","embeddable":true,"href":"https:\/\/cdnoticias.com\/index.php\/wp-json\/wp\/v2\/categories?post=122690"},{"taxonomy":"post_tag","embeddable":true,"href":"https:\/\/cdnoticias.com\/index.php\/wp-json\/wp\/v2\/tags?post=122690"}],"curies":[{"name":"wp","href":"https:\/\/api.w.org\/{rel}","templated":true}]}}