{"id":122679,"date":"2024-08-11T09:40:04","date_gmt":"2024-08-11T12:40:04","guid":{"rendered":"https:\/\/cdnoticias.com\/?p=122679"},"modified":"2024-08-11T09:40:06","modified_gmt":"2024-08-11T12:40:06","slug":"marcos-alfredo-ginter-q-e-p-d","status":"publish","type":"post","link":"https:\/\/cdnoticias.com\/index.php\/2024\/08\/11\/marcos-alfredo-ginter-q-e-p-d\/","title":{"rendered":"Marcos Alfredo Ginter (Q.E.P.D.)"},"content":{"rendered":"\n<p>Falleci\u00f3 en Olavarr\u00eda el 11 de agosto de 2024 a los 77 a\u00f1os.<br><br>Su esposa: Mar\u00eda Cristina Walter. Sus Hijos: Silvana, Marcos y Cristian Ginter. Sus hijos pol\u00edticos, nietos, bisnietos,&nbsp; hermanos y dem\u00e1s deudos participan<br>su fallecimiento.<br><br>Velatorio: Sala &#8220;A&#8221; de Sierras Bayas. Responso: Capilla Ardiente. Inhumaci\u00f3n: Cementerio municipal de Sierras Bayas, domingo 11 de agosto a las 11 horas. Servicio adherido a Coopelectric.<br><br>Barrio en el que viv\u00eda: Sierras Bayas<br><br>Lugar de nacimiento: : Colonia Hinojo<br><br>Actividad que desarrollaba: Jubilado de Loma Negra.<\/p>\n","protected":false},"excerpt":{"rendered":"<p>Falleci\u00f3 en Olavarr\u00eda el 11 de agosto de 2024 a los 77 a\u00f1os. Su esposa: Mar\u00eda Cristina Walter. Sus Hijos:<\/p>\n","protected":false},"author":6,"featured_media":67646,"comment_status":"closed","ping_status":"closed","sticky":false,"template":"","format":"standard","meta":{"_jetpack_memberships_contains_paid_content":false,"footnotes":""},"categories":[10],"tags":[],"class_list":["post-122679","post","type-post","status-publish","format-standard","has-post-thumbnail","hentry","category-necrologicas"],"jetpack_featured_media_url":"https:\/\/i0.wp.com\/cdnoticias.com\/wp-content\/uploads\/2022\/10\/necrologicas-390-x-240.jpg?fit=390%2C240&ssl=1","jetpack_sharing_enabled":true,"_links":{"self":[{"href":"https:\/\/cdnoticias.com\/index.php\/wp-json\/wp\/v2\/posts\/122679","targetHints":{"allow":["GET"]}}],"collection":[{"href":"https:\/\/cdnoticias.com\/index.php\/wp-json\/wp\/v2\/posts"}],"about":[{"href":"https:\/\/cdnoticias.com\/index.php\/wp-json\/wp\/v2\/types\/post"}],"author":[{"embeddable":true,"href":"https:\/\/cdnoticias.com\/index.php\/wp-json\/wp\/v2\/users\/6"}],"replies":[{"embeddable":true,"href":"https:\/\/cdnoticias.com\/index.php\/wp-json\/wp\/v2\/comments?post=122679"}],"version-history":[{"count":0,"href":"https:\/\/cdnoticias.com\/index.php\/wp-json\/wp\/v2\/posts\/122679\/revisions"}],"wp:featuredmedia":[{"embeddable":true,"href":"https:\/\/cdnoticias.com\/index.php\/wp-json\/wp\/v2\/media\/67646"}],"wp:attachment":[{"href":"https:\/\/cdnoticias.com\/index.php\/wp-json\/wp\/v2\/media?parent=122679"}],"wp:term":[{"taxonomy":"category","embeddable":true,"href":"https:\/\/cdnoticias.com\/index.php\/wp-json\/wp\/v2\/categories?post=122679"},{"taxonomy":"post_tag","embeddable":true,"href":"https:\/\/cdnoticias.com\/index.php\/wp-json\/wp\/v2\/tags?post=122679"}],"curies":[{"name":"wp","href":"https:\/\/api.w.org\/{rel}","templated":true}]}}