{"id":122668,"date":"2024-08-11T12:30:17","date_gmt":"2024-08-11T15:30:17","guid":{"rendered":"https:\/\/cdnoticias.com\/?p=122668"},"modified":"2024-08-11T12:30:19","modified_gmt":"2024-08-11T15:30:19","slug":"ultimate-avengers-el-regreso-de-los-heroes-en-el-museo-damaso-arce","status":"publish","type":"post","link":"https:\/\/cdnoticias.com\/index.php\/2024\/08\/11\/ultimate-avengers-el-regreso-de-los-heroes-en-el-museo-damaso-arce\/","title":{"rendered":"\u201cUltimate Avengers: el regreso de los h\u00e9roes\u201d en el Museo D\u00e1maso Arce"},"content":{"rendered":"\n<p>La actividad se da en el marco de la muestra de historietas \u201cKomikazes 2024\u201d. Habr\u00e1 actividades y talleres durante todo el mes de agosto y septiembre. <\/p>\n\n\n\n<hr class=\"wp-block-separator aligncenter has-alpha-channel-opacity\"\/>\n\n\n\n<p>En el marco de la <strong>muestra de historietas \u201cKomikazes 2024\u201d<\/strong> que se exhibe en el <strong>Museo Municipal \u201cD\u00e1maso Arce\u201d<\/strong> y que es propuesta del taller VEO (Vi\u00f1etas en Olavarr\u00eda), <strong>se proyectar\u00e1 \u201cUltimate Avengers: el regreso de los h\u00e9roes\u201d<\/strong>. La proyecci\u00f3n ser\u00e1 este <strong>domingo a partir de las 15:30 horas.<\/strong><\/p>\n\n\n\n<p><\/p>\n\n\n\n<p>Komikazes presenta trabajos originales de los estudiantes del taller, as\u00ed como una l\u00ednea de tiempo del <strong>comic norteamericano<\/strong>, conocido popularmente como \u201c<strong>comic de superh\u00e9roes\u201d, el manga japon\u00e9s, y la historieta argentina.<\/strong><\/p>\n\n\n\n<p><\/p>\n\n\n\n<p>Esta \u00faltima incluye personajes confeccionados originalmente para esta ocasi\u00f3n, que homenajean a representantes del c\u00f3mic nacional, como \u201c<strong>Patoruz\u00fa\u201d, \u201cDago\u201d, \u201cEl Eternauta\u201d o \u201cDon Nicola\u201d.<\/strong><\/p>\n\n\n\n<p><\/p>\n\n\n\n<blockquote class=\"wp-block-quote is-layout-flow wp-block-quote-is-layout-flow\">\n<p>Adem\u00e1s, habr\u00e1 m\u00e1s de 150 piezas de colecci\u00f3n, entre figuras de plomo, mu\u00f1ecos de resina, c\u00f3mics originales, mangas, y maquetas, entre otros.<\/p>\n<\/blockquote>\n\n\n\n<p><\/p>\n\n\n\n<p>La propuesta gratuita prev\u00e9 una serie de<strong> talleres y actividades a lo largo de los meses de agosto y septiembre <\/strong>que <strong>requieren inscripci\u00f3n previa. <\/strong>Aquellos interesados en participar deben enviar un mail a museo.damasoarce@olavarria.gov.ar<\/p>\n\n\n\n<p><\/p>\n\n\n\n<blockquote class=\"wp-block-quote is-layout-flow wp-block-quote-is-layout-flow\">\n<p>Komikazes se puede visitar el martes de 8 a 13 horas, mi\u00e9rcoles y jueves de 8 a 17 horas, viernes de 8 a 12 y de 14 a 18 horas y s\u00e1bados y domingos de 15 a 18 horas en el MDA, ubicado en San Mart\u00edn 2862.<\/p>\n<\/blockquote>\n\n\n\n<p><\/p>\n\n\n\n<p><strong>Sinopsis de la pel\u00edcula<\/strong><\/p>\n\n\n\n<p>Para salvar a la humanidad, los h\u00e9roes m\u00e1s poderosos de la tierra deben reunirse en una revancha de proporciones heroicas. Brutales invasores llegan a Wakanda, la ciudad escondida en el coraz\u00f3n m\u00e1s oscuro de \u00c1frica. Su rey, Black Panther debe hacer frente a los alien\u00edgenas, pero la tecnolog\u00eda y los ej\u00e9rcitos de Wakanda no son suficientes, y por ello deber\u00e1 recurrir a la ayuda de unos extra\u00f1os: El Capit\u00e1n Am\u00e9rica, Iron Man, Thor, Wasp y el Incre\u00edble Hulk, conocidos fuera de su tierra, como Los Avengers.<\/p>\n\n\n\n<p>Apta para todo p\u00fablico. Duraci\u00f3n: 72 min aproximadamente.<\/p>\n","protected":false},"excerpt":{"rendered":"<p>La actividad se da en el marco de la muestra de historietas \u201cKomikazes 2024\u201d. Habr\u00e1 actividades y talleres durante todo<\/p>\n","protected":false},"author":6,"featured_media":122669,"comment_status":"closed","ping_status":"closed","sticky":false,"template":"","format":"standard","meta":{"_jetpack_memberships_contains_paid_content":false,"footnotes":""},"categories":[9,1],"tags":[],"class_list":["post-122668","post","type-post","status-publish","format-standard","has-post-thumbnail","hentry","category-cultura","category-portada"],"jetpack_featured_media_url":"https:\/\/i0.wp.com\/cdnoticias.com\/wp-content\/uploads\/2024\/08\/muestracomics.png?fit=893%2C501&ssl=1","jetpack_sharing_enabled":true,"_links":{"self":[{"href":"https:\/\/cdnoticias.com\/index.php\/wp-json\/wp\/v2\/posts\/122668","targetHints":{"allow":["GET"]}}],"collection":[{"href":"https:\/\/cdnoticias.com\/index.php\/wp-json\/wp\/v2\/posts"}],"about":[{"href":"https:\/\/cdnoticias.com\/index.php\/wp-json\/wp\/v2\/types\/post"}],"author":[{"embeddable":true,"href":"https:\/\/cdnoticias.com\/index.php\/wp-json\/wp\/v2\/users\/6"}],"replies":[{"embeddable":true,"href":"https:\/\/cdnoticias.com\/index.php\/wp-json\/wp\/v2\/comments?post=122668"}],"version-history":[{"count":0,"href":"https:\/\/cdnoticias.com\/index.php\/wp-json\/wp\/v2\/posts\/122668\/revisions"}],"wp:featuredmedia":[{"embeddable":true,"href":"https:\/\/cdnoticias.com\/index.php\/wp-json\/wp\/v2\/media\/122669"}],"wp:attachment":[{"href":"https:\/\/cdnoticias.com\/index.php\/wp-json\/wp\/v2\/media?parent=122668"}],"wp:term":[{"taxonomy":"category","embeddable":true,"href":"https:\/\/cdnoticias.com\/index.php\/wp-json\/wp\/v2\/categories?post=122668"},{"taxonomy":"post_tag","embeddable":true,"href":"https:\/\/cdnoticias.com\/index.php\/wp-json\/wp\/v2\/tags?post=122668"}],"curies":[{"name":"wp","href":"https:\/\/api.w.org\/{rel}","templated":true}]}}