{"id":122641,"date":"2024-08-10T20:03:55","date_gmt":"2024-08-10T23:03:55","guid":{"rendered":"https:\/\/cdnoticias.com\/?p=122641"},"modified":"2024-08-11T10:31:29","modified_gmt":"2024-08-11T13:31:29","slug":"gaspar-benegas-y-la-mono-cerraron-el-festival-maravillosa-musica","status":"publish","type":"post","link":"https:\/\/cdnoticias.com\/index.php\/2024\/08\/10\/gaspar-benegas-y-la-mono-cerraron-el-festival-maravillosa-musica\/","title":{"rendered":"Gaspar Benegas y La Mono cerraron el festival \u201cMaravillosa M\u00fasica\u201d"},"content":{"rendered":"\n<p>Fue este s\u00e1bado en las escalinatas de la Casa del Bicentenario ante un gran marco de p\u00fablico. Adem\u00e1s, tocaron distintas bandas locales y de la regi\u00f3n y hubo feria de artesanos.<\/p>\n\n\n\n<hr class=\"wp-block-separator aligncenter has-alpha-channel-opacity\"\/>\n\n\n\n<p>Este s\u00e1bado por la tarde se llev\u00f3 a cabo el <strong>festival \u201cMaravillosa M\u00fasica\u201d<\/strong> en las escalinatas de la<strong> Casa del Bicentenario.<\/strong><\/p>\n\n\n\n<p><\/p>\n\n\n\n<figure class=\"wp-block-image aligncenter size-full\"><img data-recalc-dims=\"1\" loading=\"lazy\" decoding=\"async\" width=\"800\" height=\"394\" src=\"https:\/\/i0.wp.com\/cdnoticias.com\/wp-content\/uploads\/2024\/08\/maravillosa-musica-festival-1.jpg?resize=800%2C394&#038;ssl=1\" alt=\"\" class=\"wp-image-122642\" srcset=\"https:\/\/i0.wp.com\/cdnoticias.com\/wp-content\/uploads\/2024\/08\/maravillosa-musica-festival-1.jpg?w=900&amp;ssl=1 900w, https:\/\/i0.wp.com\/cdnoticias.com\/wp-content\/uploads\/2024\/08\/maravillosa-musica-festival-1.jpg?resize=300%2C148&amp;ssl=1 300w, https:\/\/i0.wp.com\/cdnoticias.com\/wp-content\/uploads\/2024\/08\/maravillosa-musica-festival-1.jpg?resize=768%2C378&amp;ssl=1 768w\" sizes=\"auto, (max-width: 800px) 100vw, 800px\" \/><\/figure>\n\n\n\n<p><\/p>\n\n\n\n<p><strong>\u201cMaravillosa M\u00fasica\u201d,<\/strong> es el <strong>Concurso de Bandas Juveniles<\/strong> organizado por el <strong>Instituto Cultural de la Provincia de Buenos Aires<\/strong> en forma conjunta con la Subsecretar\u00eda de Cultura y Educaci\u00f3n de la provincia de Buenos Aires.<\/p>\n\n\n\n<p><\/p>\n\n\n\n<figure class=\"wp-block-image aligncenter size-full\"><img data-recalc-dims=\"1\" loading=\"lazy\" decoding=\"async\" width=\"800\" height=\"405\" src=\"https:\/\/i0.wp.com\/cdnoticias.com\/wp-content\/uploads\/2024\/08\/maravillosa-musica-festival-4.jpg?resize=800%2C405&#038;ssl=1\" alt=\"\" class=\"wp-image-122645\" srcset=\"https:\/\/i0.wp.com\/cdnoticias.com\/wp-content\/uploads\/2024\/08\/maravillosa-musica-festival-4.jpg?w=900&amp;ssl=1 900w, https:\/\/i0.wp.com\/cdnoticias.com\/wp-content\/uploads\/2024\/08\/maravillosa-musica-festival-4.jpg?resize=300%2C152&amp;ssl=1 300w, https:\/\/i0.wp.com\/cdnoticias.com\/wp-content\/uploads\/2024\/08\/maravillosa-musica-festival-4.jpg?resize=768%2C389&amp;ssl=1 768w\" sizes=\"auto, (max-width: 800px) 100vw, 800px\" \/><\/figure>\n\n\n\n<p><\/p>\n\n\n\n<p>En esta ocasi\u00f3n, hubo <strong>gran presencia de feriantes<\/strong> as\u00ed como tambi\u00e9n foodstruck que acompa\u00f1aron la jornada de m\u00fasica pensada para pasar una tarde distinta.<\/p>\n\n\n\n<p><\/p>\n\n\n\n<figure class=\"wp-block-image aligncenter size-full\"><img data-recalc-dims=\"1\" loading=\"lazy\" decoding=\"async\" width=\"800\" height=\"399\" src=\"https:\/\/i0.wp.com\/cdnoticias.com\/wp-content\/uploads\/2024\/08\/maravillosa-musica-festival-13.jpg?resize=800%2C399&#038;ssl=1\" alt=\"\" class=\"wp-image-122654\" srcset=\"https:\/\/i0.wp.com\/cdnoticias.com\/wp-content\/uploads\/2024\/08\/maravillosa-musica-festival-13.jpg?w=900&amp;ssl=1 900w, https:\/\/i0.wp.com\/cdnoticias.com\/wp-content\/uploads\/2024\/08\/maravillosa-musica-festival-13.jpg?resize=300%2C150&amp;ssl=1 300w, https:\/\/i0.wp.com\/cdnoticias.com\/wp-content\/uploads\/2024\/08\/maravillosa-musica-festival-13.jpg?resize=768%2C383&amp;ssl=1 768w\" sizes=\"auto, (max-width: 800px) 100vw, 800px\" \/><\/figure>\n\n\n\n<p><\/p>\n\n\n\n<figure class=\"wp-block-image aligncenter size-full\"><img data-recalc-dims=\"1\" loading=\"lazy\" decoding=\"async\" width=\"800\" height=\"425\" src=\"https:\/\/i0.wp.com\/cdnoticias.com\/wp-content\/uploads\/2024\/08\/maravillosa-musica-festival-16.jpg?resize=800%2C425&#038;ssl=1\" alt=\"\" class=\"wp-image-122657\" srcset=\"https:\/\/i0.wp.com\/cdnoticias.com\/wp-content\/uploads\/2024\/08\/maravillosa-musica-festival-16.jpg?w=900&amp;ssl=1 900w, https:\/\/i0.wp.com\/cdnoticias.com\/wp-content\/uploads\/2024\/08\/maravillosa-musica-festival-16.jpg?resize=300%2C159&amp;ssl=1 300w, https:\/\/i0.wp.com\/cdnoticias.com\/wp-content\/uploads\/2024\/08\/maravillosa-musica-festival-16.jpg?resize=768%2C408&amp;ssl=1 768w\" sizes=\"auto, (max-width: 800px) 100vw, 800px\" \/><\/figure>\n\n\n\n<blockquote class=\"wp-block-quote is-layout-flow wp-block-quote-is-layout-flow\">\n<p>En el festival tocaron bandas locales y regionales de todos los g\u00e9neros, pasando desde el rock, folclore y hasta sonidos urbanos. Las seleccionadas para participar fueron \u201cCantores y Guitarreros\u201d de Paraje Pablo Acosta (Azul), Felipe TLB (Bol\u00edvar), Bargus (Azul) y Puesta a Tierra (Olavarr\u00eda) las cuales tuvieron gran apoyo de sus familiares y amigos.<\/p>\n<\/blockquote>\n\n\n\n<p><\/p>\n\n\n\n<p>El gran cierre estuvo a cargo de <strong>Gaspar Benegas y su banda integrada por amigos de la infancia \u201cLa Mono<\/strong>\u201d quienes tocaron temas propios y covers de \u201cLos fundamentalistas del Aire Acondicionado\u201d: \u201c<em><strong>Pabell\u00f3n S\u00e9ptimo\u201d \u201cY mientras tanto el sol se muere\u201d y \u201cEl tesoro de los inocentes\u201d<\/strong><\/em> fueron las m\u00e1s cantadas por el p\u00fablico.<\/p>\n\n\n\n<p><\/p>\n\n\n\n<figure class=\"wp-block-image aligncenter size-full\"><img data-recalc-dims=\"1\" loading=\"lazy\" decoding=\"async\" width=\"800\" height=\"422\" src=\"https:\/\/i0.wp.com\/cdnoticias.com\/wp-content\/uploads\/2024\/08\/maravillosa-musica-festival-5.jpg?resize=800%2C422&#038;ssl=1\" alt=\"\" class=\"wp-image-122646\" srcset=\"https:\/\/i0.wp.com\/cdnoticias.com\/wp-content\/uploads\/2024\/08\/maravillosa-musica-festival-5.jpg?w=900&amp;ssl=1 900w, https:\/\/i0.wp.com\/cdnoticias.com\/wp-content\/uploads\/2024\/08\/maravillosa-musica-festival-5.jpg?resize=300%2C158&amp;ssl=1 300w, https:\/\/i0.wp.com\/cdnoticias.com\/wp-content\/uploads\/2024\/08\/maravillosa-musica-festival-5.jpg?resize=768%2C405&amp;ssl=1 768w, https:\/\/i0.wp.com\/cdnoticias.com\/wp-content\/uploads\/2024\/08\/maravillosa-musica-festival-5.jpg?resize=390%2C205&amp;ssl=1 390w\" sizes=\"auto, (max-width: 800px) 100vw, 800px\" \/><\/figure>\n\n\n\n<p><\/p>\n\n\n\n<figure class=\"wp-block-image aligncenter size-full\"><img data-recalc-dims=\"1\" loading=\"lazy\" decoding=\"async\" width=\"800\" height=\"392\" src=\"https:\/\/i0.wp.com\/cdnoticias.com\/wp-content\/uploads\/2024\/08\/maravillosa-musica-festival-8.jpg?resize=800%2C392&#038;ssl=1\" alt=\"\" class=\"wp-image-122649\" srcset=\"https:\/\/i0.wp.com\/cdnoticias.com\/wp-content\/uploads\/2024\/08\/maravillosa-musica-festival-8.jpg?w=900&amp;ssl=1 900w, https:\/\/i0.wp.com\/cdnoticias.com\/wp-content\/uploads\/2024\/08\/maravillosa-musica-festival-8.jpg?resize=300%2C147&amp;ssl=1 300w, https:\/\/i0.wp.com\/cdnoticias.com\/wp-content\/uploads\/2024\/08\/maravillosa-musica-festival-8.jpg?resize=768%2C376&amp;ssl=1 768w\" sizes=\"auto, (max-width: 800px) 100vw, 800px\" \/><\/figure>\n\n\n\n<p><\/p>\n\n\n\n<p>En la actualidad, <strong>Gaspar Benegas <\/strong>(guitarrista) &nbsp;y <strong>Ramiro Naguil<\/strong> (baterista) <strong>integran la banda del &nbsp;Indio Solari y Los Fundamentalistas del Aire Acondicionado.<\/strong><\/p>\n\n\n\n<p><\/p>\n\n\n\n<figure class=\"wp-block-image aligncenter size-full\"><img data-recalc-dims=\"1\" loading=\"lazy\" decoding=\"async\" width=\"800\" height=\"404\" src=\"https:\/\/i0.wp.com\/cdnoticias.com\/wp-content\/uploads\/2024\/08\/maravillosa-musica-festival-9.jpg?resize=800%2C404&#038;ssl=1\" alt=\"\" class=\"wp-image-122650\" srcset=\"https:\/\/i0.wp.com\/cdnoticias.com\/wp-content\/uploads\/2024\/08\/maravillosa-musica-festival-9.jpg?w=900&amp;ssl=1 900w, https:\/\/i0.wp.com\/cdnoticias.com\/wp-content\/uploads\/2024\/08\/maravillosa-musica-festival-9.jpg?resize=300%2C152&amp;ssl=1 300w, https:\/\/i0.wp.com\/cdnoticias.com\/wp-content\/uploads\/2024\/08\/maravillosa-musica-festival-9.jpg?resize=768%2C388&amp;ssl=1 768w\" sizes=\"auto, (max-width: 800px) 100vw, 800px\" \/><\/figure>\n\n\n\n<p><\/p>\n\n\n\n<p>Por \u00faltimo, se enfatiz\u00f3 en que el festival \u201cMaravillosa M\u00fasica\u201d, es un programa que tiene por objetivo difundir, promover y profesionalizar los proyectos musicales de j\u00f3venes de la provincia de Buenos Aires.<\/p>\n\n\n\n<figure class=\"wp-block-image aligncenter size-full\"><img data-recalc-dims=\"1\" loading=\"lazy\" decoding=\"async\" width=\"800\" height=\"395\" src=\"https:\/\/i0.wp.com\/cdnoticias.com\/wp-content\/uploads\/2024\/08\/maravillosa-musica-festival-6.jpg?resize=800%2C395&#038;ssl=1\" alt=\"\" class=\"wp-image-122647\" srcset=\"https:\/\/i0.wp.com\/cdnoticias.com\/wp-content\/uploads\/2024\/08\/maravillosa-musica-festival-6.jpg?w=900&amp;ssl=1 900w, https:\/\/i0.wp.com\/cdnoticias.com\/wp-content\/uploads\/2024\/08\/maravillosa-musica-festival-6.jpg?resize=300%2C148&amp;ssl=1 300w, https:\/\/i0.wp.com\/cdnoticias.com\/wp-content\/uploads\/2024\/08\/maravillosa-musica-festival-6.jpg?resize=768%2C379&amp;ssl=1 768w\" sizes=\"auto, (max-width: 800px) 100vw, 800px\" \/><\/figure>\n\n\n\n<p><\/p>\n\n\n\n<figure class=\"wp-block-image aligncenter size-full\"><img data-recalc-dims=\"1\" loading=\"lazy\" decoding=\"async\" width=\"800\" height=\"399\" src=\"https:\/\/i0.wp.com\/cdnoticias.com\/wp-content\/uploads\/2024\/08\/maravillosa-musica-festival-11.jpg?resize=800%2C399&#038;ssl=1\" alt=\"\" class=\"wp-image-122652\" srcset=\"https:\/\/i0.wp.com\/cdnoticias.com\/wp-content\/uploads\/2024\/08\/maravillosa-musica-festival-11.jpg?w=900&amp;ssl=1 900w, https:\/\/i0.wp.com\/cdnoticias.com\/wp-content\/uploads\/2024\/08\/maravillosa-musica-festival-11.jpg?resize=300%2C150&amp;ssl=1 300w, https:\/\/i0.wp.com\/cdnoticias.com\/wp-content\/uploads\/2024\/08\/maravillosa-musica-festival-11.jpg?resize=768%2C383&amp;ssl=1 768w\" sizes=\"auto, (max-width: 800px) 100vw, 800px\" \/><\/figure>\n","protected":false},"excerpt":{"rendered":"<p>Fue este s\u00e1bado en las escalinatas de la Casa del Bicentenario ante un gran marco de p\u00fablico. Adem\u00e1s, tocaron distintas<\/p>\n","protected":false},"author":6,"featured_media":122651,"comment_status":"closed","ping_status":"closed","sticky":false,"template":"","format":"standard","meta":{"_jetpack_memberships_contains_paid_content":false,"footnotes":""},"categories":[9,1],"tags":[],"class_list":["post-122641","post","type-post","status-publish","format-standard","has-post-thumbnail","hentry","category-cultura","category-portada"],"jetpack_featured_media_url":"https:\/\/i0.wp.com\/cdnoticias.com\/wp-content\/uploads\/2024\/08\/maravillosa-musica-festival-10.jpg?fit=900%2C453&ssl=1","jetpack_sharing_enabled":true,"_links":{"self":[{"href":"https:\/\/cdnoticias.com\/index.php\/wp-json\/wp\/v2\/posts\/122641","targetHints":{"allow":["GET"]}}],"collection":[{"href":"https:\/\/cdnoticias.com\/index.php\/wp-json\/wp\/v2\/posts"}],"about":[{"href":"https:\/\/cdnoticias.com\/index.php\/wp-json\/wp\/v2\/types\/post"}],"author":[{"embeddable":true,"href":"https:\/\/cdnoticias.com\/index.php\/wp-json\/wp\/v2\/users\/6"}],"replies":[{"embeddable":true,"href":"https:\/\/cdnoticias.com\/index.php\/wp-json\/wp\/v2\/comments?post=122641"}],"version-history":[{"count":0,"href":"https:\/\/cdnoticias.com\/index.php\/wp-json\/wp\/v2\/posts\/122641\/revisions"}],"wp:featuredmedia":[{"embeddable":true,"href":"https:\/\/cdnoticias.com\/index.php\/wp-json\/wp\/v2\/media\/122651"}],"wp:attachment":[{"href":"https:\/\/cdnoticias.com\/index.php\/wp-json\/wp\/v2\/media?parent=122641"}],"wp:term":[{"taxonomy":"category","embeddable":true,"href":"https:\/\/cdnoticias.com\/index.php\/wp-json\/wp\/v2\/categories?post=122641"},{"taxonomy":"post_tag","embeddable":true,"href":"https:\/\/cdnoticias.com\/index.php\/wp-json\/wp\/v2\/tags?post=122641"}],"curies":[{"name":"wp","href":"https:\/\/api.w.org\/{rel}","templated":true}]}}