{"id":122622,"date":"2024-08-10T12:06:12","date_gmt":"2024-08-10T15:06:12","guid":{"rendered":"https:\/\/cdnoticias.com\/?p=122622"},"modified":"2024-08-10T18:28:48","modified_gmt":"2024-08-10T21:28:48","slug":"abigeato-en-loma-negra-perdidas-por-unos-6-millones-de-pesos","status":"publish","type":"post","link":"https:\/\/cdnoticias.com\/index.php\/2024\/08\/10\/abigeato-en-loma-negra-perdidas-por-unos-6-millones-de-pesos\/","title":{"rendered":"Abigeato en Loma Negra: p\u00e9rdidas por unos 6 millones de pesos"},"content":{"rendered":"<p>Seis vacunos fueron faenados entre la noche del viernes y la madrugada del s\u00e1bado. El caso se registr\u00f3 sobre la bajada de Querand\u00edes.<!--more--><\/p>\n<hr \/>\n<p>Un caso de <strong>abigeato<\/strong> se registr\u00f3 en las \u00faltimas horas en Olavarr\u00eda: es en <strong>jurisdicci\u00f3n de Loma Negra<\/strong> donde las <strong>p\u00e9rdidas fueron millonarias.<\/strong><\/p>\n<p>Seg\u00fan pudo saber <strong>Central de Noticias<\/strong>, al menos<strong> seis vacunos fueron faenados<\/strong> entre la noche del viernes y la madrugada de s\u00e1bado.<\/p>\n<p><img data-recalc-dims=\"1\" loading=\"lazy\" decoding=\"async\" class=\"size-full wp-image-122625 aligncenter\" src=\"https:\/\/i0.wp.com\/cdnoticias.com\/wp-content\/uploads\/2024\/08\/abigeato-loma-negra-02.jpg?resize=800%2C445&#038;ssl=1\" alt=\"\" width=\"800\" height=\"445\" srcset=\"https:\/\/i0.wp.com\/cdnoticias.com\/wp-content\/uploads\/2024\/08\/abigeato-loma-negra-02.jpg?w=1000&amp;ssl=1 1000w, https:\/\/i0.wp.com\/cdnoticias.com\/wp-content\/uploads\/2024\/08\/abigeato-loma-negra-02.jpg?resize=300%2C167&amp;ssl=1 300w, https:\/\/i0.wp.com\/cdnoticias.com\/wp-content\/uploads\/2024\/08\/abigeato-loma-negra-02.jpg?resize=768%2C427&amp;ssl=1 768w, https:\/\/i0.wp.com\/cdnoticias.com\/wp-content\/uploads\/2024\/08\/abigeato-loma-negra-02.jpg?resize=800%2C445&amp;ssl=1 800w\" sizes=\"auto, (max-width: 800px) 100vw, 800px\" \/><\/p>\n<p>El caso se registr\u00f3 en <strong>un establecimiento rural ubicado sobre la bajada de Querand\u00edes por ruta 51<\/strong>.<\/p>\n<blockquote><p>Se hizo hincapi\u00e9 en que cinco de las vacas estaban pre\u00f1adas, por lo que las consecuencias son sumamente gravosas para el productor afectado. Se estim\u00f3 que las p\u00e9rdidas alcanzan a unos 6 millones de pesos.<\/p><\/blockquote>\n<p>Varios productores vecinos de la zona de Querand\u00edes expresaron su conmoci\u00f3n por el caso.<\/p>\n<p><img data-recalc-dims=\"1\" loading=\"lazy\" decoding=\"async\" class=\"size-full wp-image-122624 aligncenter\" src=\"https:\/\/i0.wp.com\/cdnoticias.com\/wp-content\/uploads\/2024\/08\/abigeato-loma-negra-01.jpg?resize=800%2C445&#038;ssl=1\" alt=\"\" width=\"800\" height=\"445\" srcset=\"https:\/\/i0.wp.com\/cdnoticias.com\/wp-content\/uploads\/2024\/08\/abigeato-loma-negra-01.jpg?w=1000&amp;ssl=1 1000w, https:\/\/i0.wp.com\/cdnoticias.com\/wp-content\/uploads\/2024\/08\/abigeato-loma-negra-01.jpg?resize=300%2C167&amp;ssl=1 300w, https:\/\/i0.wp.com\/cdnoticias.com\/wp-content\/uploads\/2024\/08\/abigeato-loma-negra-01.jpg?resize=768%2C427&amp;ssl=1 768w, https:\/\/i0.wp.com\/cdnoticias.com\/wp-content\/uploads\/2024\/08\/abigeato-loma-negra-01.jpg?resize=800%2C445&amp;ssl=1 800w\" sizes=\"auto, (max-width: 800px) 100vw, 800px\" \/><\/p>\n","protected":false},"excerpt":{"rendered":"<p>Seis vacunos fueron faenados entre la noche del viernes y la madrugada del s\u00e1bado. El caso se registr\u00f3 sobre la<\/p>\n","protected":false},"author":4,"featured_media":122623,"comment_status":"closed","ping_status":"closed","sticky":false,"template":"","format":"standard","meta":{"_jetpack_memberships_contains_paid_content":false,"footnotes":""},"categories":[14,1],"tags":[],"class_list":["post-122622","post","type-post","status-publish","format-standard","has-post-thumbnail","hentry","category-policiales","category-portada"],"jetpack_featured_media_url":"https:\/\/i0.wp.com\/cdnoticias.com\/wp-content\/uploads\/2024\/08\/abigeato-loma-negra-00.jpg?fit=1000%2C556&ssl=1","jetpack_sharing_enabled":true,"_links":{"self":[{"href":"https:\/\/cdnoticias.com\/index.php\/wp-json\/wp\/v2\/posts\/122622","targetHints":{"allow":["GET"]}}],"collection":[{"href":"https:\/\/cdnoticias.com\/index.php\/wp-json\/wp\/v2\/posts"}],"about":[{"href":"https:\/\/cdnoticias.com\/index.php\/wp-json\/wp\/v2\/types\/post"}],"author":[{"embeddable":true,"href":"https:\/\/cdnoticias.com\/index.php\/wp-json\/wp\/v2\/users\/4"}],"replies":[{"embeddable":true,"href":"https:\/\/cdnoticias.com\/index.php\/wp-json\/wp\/v2\/comments?post=122622"}],"version-history":[{"count":0,"href":"https:\/\/cdnoticias.com\/index.php\/wp-json\/wp\/v2\/posts\/122622\/revisions"}],"wp:featuredmedia":[{"embeddable":true,"href":"https:\/\/cdnoticias.com\/index.php\/wp-json\/wp\/v2\/media\/122623"}],"wp:attachment":[{"href":"https:\/\/cdnoticias.com\/index.php\/wp-json\/wp\/v2\/media?parent=122622"}],"wp:term":[{"taxonomy":"category","embeddable":true,"href":"https:\/\/cdnoticias.com\/index.php\/wp-json\/wp\/v2\/categories?post=122622"},{"taxonomy":"post_tag","embeddable":true,"href":"https:\/\/cdnoticias.com\/index.php\/wp-json\/wp\/v2\/tags?post=122622"}],"curies":[{"name":"wp","href":"https:\/\/api.w.org\/{rel}","templated":true}]}}