{"id":12262,"date":"2021-01-26T08:12:57","date_gmt":"2021-01-26T11:12:57","guid":{"rendered":"http:\/\/www.centraldenoticias.com.ar\/?p=12262"},"modified":"2021-01-26T08:12:57","modified_gmt":"2021-01-26T11:12:57","slug":"carmen-mabel-merola-vda-de-cariman-q-e-p-d","status":"publish","type":"post","link":"https:\/\/cdnoticias.com\/index.php\/2021\/01\/26\/carmen-mabel-merola-vda-de-cariman-q-e-p-d\/","title":{"rendered":"Carmen Mabel Merola vda De Cariman (Q.E.P.D.)"},"content":{"rendered":"<p>Falleci\u00f3 en Olavarr\u00eda el d\u00eda 25 de enero de 2021 a los 70 a\u00f1os de edad.<\/p>\n<p>Sus hijos: Adriana, Gustavo, Mar\u00eda y Carlos. Sus hijos pol\u00edticos: Jos\u00e9 Recofsky, Daiana Ramos, Juan Fleites y Roc\u00edo Pellejero. Sus nietos, bisnietos, hermanos, hermanos pol\u00edticos, sobrinos y dem\u00e1s deudos participan su fallecimiento.<\/p>\n<p>Velatorio: Sala &#8220;D&#8221; de Espa\u00f1a 2942, comienza a las 14:30 hs. Responso: Capilla Ardiente. Inhumaci\u00f3n: Loma de Paz, martes 26 de enero a las 16:30 hs. Servicio adherido a Coopelectric.<\/p>\n<p>Ex vecina de 16 de Julio, actualmente resid\u00eda en Colonia Hinojo.<\/p>\n<p>Lugar de nacimiento: Hinojo.<\/p>\n<p>Actividad que desarrollaba: Jubilada y pensionada.<\/p>\n","protected":false},"excerpt":{"rendered":"<p>Falleci\u00f3 en Olavarr\u00eda el d\u00eda 25 de enero de 2021 a los 70 a\u00f1os de edad. Sus hijos: Adriana, Gustavo,<\/p>\n","protected":false},"author":4,"featured_media":0,"comment_status":"closed","ping_status":"closed","sticky":false,"template":"","format":"standard","meta":{"_jetpack_memberships_contains_paid_content":false,"footnotes":""},"categories":[10],"tags":[],"class_list":["post-12262","post","type-post","status-publish","format-standard","hentry","category-necrologicas"],"jetpack_featured_media_url":"","jetpack_sharing_enabled":true,"_links":{"self":[{"href":"https:\/\/cdnoticias.com\/index.php\/wp-json\/wp\/v2\/posts\/12262","targetHints":{"allow":["GET"]}}],"collection":[{"href":"https:\/\/cdnoticias.com\/index.php\/wp-json\/wp\/v2\/posts"}],"about":[{"href":"https:\/\/cdnoticias.com\/index.php\/wp-json\/wp\/v2\/types\/post"}],"author":[{"embeddable":true,"href":"https:\/\/cdnoticias.com\/index.php\/wp-json\/wp\/v2\/users\/4"}],"replies":[{"embeddable":true,"href":"https:\/\/cdnoticias.com\/index.php\/wp-json\/wp\/v2\/comments?post=12262"}],"version-history":[{"count":0,"href":"https:\/\/cdnoticias.com\/index.php\/wp-json\/wp\/v2\/posts\/12262\/revisions"}],"wp:attachment":[{"href":"https:\/\/cdnoticias.com\/index.php\/wp-json\/wp\/v2\/media?parent=12262"}],"wp:term":[{"taxonomy":"category","embeddable":true,"href":"https:\/\/cdnoticias.com\/index.php\/wp-json\/wp\/v2\/categories?post=12262"},{"taxonomy":"post_tag","embeddable":true,"href":"https:\/\/cdnoticias.com\/index.php\/wp-json\/wp\/v2\/tags?post=12262"}],"curies":[{"name":"wp","href":"https:\/\/api.w.org\/{rel}","templated":true}]}}