{"id":12254,"date":"2021-01-25T20:24:58","date_gmt":"2021-01-25T23:24:58","guid":{"rendered":"http:\/\/www.centraldenoticias.com.ar\/?p=12254"},"modified":"2021-01-25T20:24:58","modified_gmt":"2021-01-25T23:24:58","slug":"rebaja-de-precios-de-hasta-30-en-cortes-de-carne-vacuna","status":"publish","type":"post","link":"https:\/\/cdnoticias.com\/index.php\/2021\/01\/25\/rebaja-de-precios-de-hasta-30-en-cortes-de-carne-vacuna\/","title":{"rendered":"Rebaja de precios de hasta 30% en cortes de carne vacuna"},"content":{"rendered":"<p lang=\"es-US\">En los supermercados, las ofertas estar\u00e1n disponible los fines de semana y los mi\u00e9rcoles de las primeras tres semanas de cada mes; mientras que en el Mercado Central, todos los d\u00edas.<!--more--><\/p>\n<hr \/>\n<p lang=\"es-US\">El presidente Alberto Fern\u00e1ndez firm\u00f3 este lunes por la tarde un <strong>acuerdo con las c\u00e1maras de frigor\u00edficos, carnicer\u00edas y supermercados<\/strong>, por el que se rebajar\u00e1n hasta un 30 por ciento, en relaci\u00f3n a los valores promedios de diciembre, l<strong>os precios de 10 de los principales cortes de carne vacuna, que se ofrecer\u00e1n en m\u00e1s de 1.600 bocas de expendio de todo el pa\u00eds.<\/strong><\/p>\n<p lang=\"es-US\">\n<p lang=\"es-US\"><strong><em>&#8220;Valoro el esfuerzo que han hecho y m\u00e1s all\u00e1 de que celebro que puedan exportar, les pido que cuiden el bolsillo de los argentinos&#8221;<\/em><\/strong>, les se\u00f1al\u00f3 el mandatario a los representantes del sector c\u00e1rnico que participaron en el encuentro que tuvo lugar en la Casa Rosada.<\/p>\n<p lang=\"es-US\">\n<p lang=\"es-US\">El acuerdo fue presentado en una conferencia de prensa de la que participaron el ministro de Desarrollo Productivo, Mat\u00edas Kulfas; el titular de la cartera de Agricultura, Luis Basterra; la secretaria de Comercio Interior, Paula Espa\u00f1ol; y el empresario Ravetinno, del Consorcio de exportadores ABC.<\/p>\n<p lang=\"es-US\">\n<p lang=\"es-US\"><img data-recalc-dims=\"1\" loading=\"lazy\" decoding=\"async\" class=\"alignnone size-full wp-image-12255\" src=\"https:\/\/i0.wp.com\/cdnoticias.com\/wp-content\/uploads\/2021\/01\/600f494f917e2_1004x565.jpg?resize=800%2C450&#038;ssl=1\" alt=\"\" width=\"800\" height=\"450\" srcset=\"https:\/\/i0.wp.com\/cdnoticias.com\/wp-content\/uploads\/2021\/01\/600f494f917e2_1004x565.jpg?w=1004&amp;ssl=1 1004w, https:\/\/i0.wp.com\/cdnoticias.com\/wp-content\/uploads\/2021\/01\/600f494f917e2_1004x565.jpg?resize=300%2C169&amp;ssl=1 300w, https:\/\/i0.wp.com\/cdnoticias.com\/wp-content\/uploads\/2021\/01\/600f494f917e2_1004x565.jpg?resize=768%2C432&amp;ssl=1 768w\" sizes=\"auto, (max-width: 800px) 100vw, 800px\" \/><\/p>\n<p lang=\"es-US\">\n<p lang=\"es-US\">Los precios estipulados, que estar\u00e1n <strong>congelados hasta el 31 de marzo en una primera etapa y luego se revisar\u00e1n peri\u00f3dicamente<\/strong>, se comercializar\u00e1n <strong>los fines de semana y los primeros tres mi\u00e9rcoles de cada mes en supermercados y cadenas de carnicer\u00edas, y todos los d\u00edas en el Mercado Central de Buenos Aires.<\/strong> Adem\u00e1s, se calcula un volumen inicial de entre 5.500 y 6.000 toneladas mensuales.<\/p>\n<p lang=\"es-US\">\n<p lang=\"es-US\">Los cortes y sus respectivos precios por kilo ser\u00e1n los siguientes:<strong> tira de asado, 399 pesos (29 por ciento por debajo de diciembre); vac\u00edo, 499 pesos (20 por ciento); matambre, 549 pesos (13 por ciento); tapa de asado, 429 pesos (15 por ciento); cuadrada\/bola de lomo, 489 pesos; y rosbif, 399 pesos (12 por ciento). Tambi\u00e9n se suman la carne picada (265 pesos) y el espinazo (110 pesos),<\/strong> incluidos en el programa Precios Cuidados.<\/p>\n<p lang=\"es-US\">\n<p lang=\"es-US\">Podr\u00e1n comprarse en las grandes cadenas de supermercados como <strong>Coto, Jumbo, Vea, Disco, Carrefour, Walmart, La An\u00f3nima, D\u00eda, Libertad y Carnicer\u00edas Friar<\/strong>, entre otros.<\/p>\n<p lang=\"es-US\">\n<p lang=\"es-US\">Fuente: T\u00e9lam<\/p>\n","protected":false},"excerpt":{"rendered":"<p>En los supermercados, las ofertas estar\u00e1n disponible los fines de semana y los mi\u00e9rcoles de las primeras tres semanas de<\/p>\n","protected":false},"author":5,"featured_media":12256,"comment_status":"closed","ping_status":"closed","sticky":false,"template":"","format":"standard","meta":{"_jetpack_memberships_contains_paid_content":false,"footnotes":""},"categories":[6,1],"tags":[],"class_list":["post-12254","post","type-post","status-publish","format-standard","has-post-thumbnail","hentry","category-nacionales","category-portada"],"jetpack_featured_media_url":"https:\/\/i0.wp.com\/cdnoticias.com\/wp-content\/uploads\/2021\/01\/carne.jpg?fit=1004%2C564&ssl=1","jetpack_sharing_enabled":true,"_links":{"self":[{"href":"https:\/\/cdnoticias.com\/index.php\/wp-json\/wp\/v2\/posts\/12254","targetHints":{"allow":["GET"]}}],"collection":[{"href":"https:\/\/cdnoticias.com\/index.php\/wp-json\/wp\/v2\/posts"}],"about":[{"href":"https:\/\/cdnoticias.com\/index.php\/wp-json\/wp\/v2\/types\/post"}],"author":[{"embeddable":true,"href":"https:\/\/cdnoticias.com\/index.php\/wp-json\/wp\/v2\/users\/5"}],"replies":[{"embeddable":true,"href":"https:\/\/cdnoticias.com\/index.php\/wp-json\/wp\/v2\/comments?post=12254"}],"version-history":[{"count":0,"href":"https:\/\/cdnoticias.com\/index.php\/wp-json\/wp\/v2\/posts\/12254\/revisions"}],"wp:featuredmedia":[{"embeddable":true,"href":"https:\/\/cdnoticias.com\/index.php\/wp-json\/wp\/v2\/media\/12256"}],"wp:attachment":[{"href":"https:\/\/cdnoticias.com\/index.php\/wp-json\/wp\/v2\/media?parent=12254"}],"wp:term":[{"taxonomy":"category","embeddable":true,"href":"https:\/\/cdnoticias.com\/index.php\/wp-json\/wp\/v2\/categories?post=12254"},{"taxonomy":"post_tag","embeddable":true,"href":"https:\/\/cdnoticias.com\/index.php\/wp-json\/wp\/v2\/tags?post=12254"}],"curies":[{"name":"wp","href":"https:\/\/api.w.org\/{rel}","templated":true}]}}