{"id":122527,"date":"2024-08-09T13:01:42","date_gmt":"2024-08-09T16:01:42","guid":{"rendered":"https:\/\/cdnoticias.com\/?p=122527"},"modified":"2024-08-09T17:41:39","modified_gmt":"2024-08-09T20:41:39","slug":"oficializan-la-designacion-del-director-del-hospital-de-oncologia-de-olavarria","status":"publish","type":"post","link":"https:\/\/cdnoticias.com\/index.php\/2024\/08\/09\/oficializan-la-designacion-del-director-del-hospital-de-oncologia-de-olavarria\/","title":{"rendered":"Oficializan la designaci\u00f3n del director del Hospital de Oncolog\u00eda de Olavarr\u00eda"},"content":{"rendered":"<p>El martes se dict\u00f3 el decreto firmado por el gobernador Kicillof que dispone que el titular es el m\u00e9dico Diego Saluzzi, aunque fue designado en abril.<!--more--><\/p>\n<hr \/>\n<p>Qued\u00f3 oficializada la <strong>designaci\u00f3n del m\u00e9dico Diego Saluzzi<\/strong> como <strong>director ejecutivo del Hospital Especializado de Oncolog\u00eda \u201cDon Luciano Fortabat\u201d<\/strong> de Olavarr\u00eda.<\/p>\n<p>Este martes se dict\u00f3 el <strong>decreto 1507\/2024<\/strong> firmado por el <strong>gobernador Axel Kicillof<\/strong>, el ministro de Salud provincial, Nicol\u00e1s Kreplak, y el ministro de Gobierno, Carlos Bianco. La norma se public\u00f3 este viernes.<\/p>\n<p><strong>La designaci\u00f3n data del 2 de abril de 2024<\/strong>. Cabe recordar que en ese mes se realiz\u00f3 en Olavarr\u00eda el <a href=\"https:\/\/cdnoticias.com\/index.php\/2024\/04\/19\/olavarria-fue-sede-este-viernes-del-pre-congreso-provincial-de-salud\/\" target=\"_blank\" rel=\"noopener\">Pre Congreso Provincial de Salud<\/a> y all\u00ed fue presentado Saluzzi como Director Ejecutivo del centro de salud.<\/p>\n<p><strong>Reemplaz\u00f3 a la m\u00e9dica Silvina Rosende<\/strong> quien se desempe\u00f1\u00f3 desde 2020 al frente del Hospital de Oncolog\u00eda.<\/p>\n","protected":false},"excerpt":{"rendered":"<p>El martes se dict\u00f3 el decreto firmado por el gobernador Kicillof que dispone que el titular es el m\u00e9dico Diego<\/p>\n","protected":false},"author":4,"featured_media":77187,"comment_status":"closed","ping_status":"closed","sticky":false,"template":"","format":"standard","meta":{"_jetpack_memberships_contains_paid_content":false,"footnotes":""},"categories":[4,1],"tags":[],"class_list":["post-122527","post","type-post","status-publish","format-standard","has-post-thumbnail","hentry","category-politica","category-portada"],"jetpack_featured_media_url":"https:\/\/i0.wp.com\/cdnoticias.com\/wp-content\/uploads\/2023\/02\/oncologia-hospital-scaled.jpg?fit=2560%2C1424&ssl=1","jetpack_sharing_enabled":true,"_links":{"self":[{"href":"https:\/\/cdnoticias.com\/index.php\/wp-json\/wp\/v2\/posts\/122527","targetHints":{"allow":["GET"]}}],"collection":[{"href":"https:\/\/cdnoticias.com\/index.php\/wp-json\/wp\/v2\/posts"}],"about":[{"href":"https:\/\/cdnoticias.com\/index.php\/wp-json\/wp\/v2\/types\/post"}],"author":[{"embeddable":true,"href":"https:\/\/cdnoticias.com\/index.php\/wp-json\/wp\/v2\/users\/4"}],"replies":[{"embeddable":true,"href":"https:\/\/cdnoticias.com\/index.php\/wp-json\/wp\/v2\/comments?post=122527"}],"version-history":[{"count":0,"href":"https:\/\/cdnoticias.com\/index.php\/wp-json\/wp\/v2\/posts\/122527\/revisions"}],"wp:featuredmedia":[{"embeddable":true,"href":"https:\/\/cdnoticias.com\/index.php\/wp-json\/wp\/v2\/media\/77187"}],"wp:attachment":[{"href":"https:\/\/cdnoticias.com\/index.php\/wp-json\/wp\/v2\/media?parent=122527"}],"wp:term":[{"taxonomy":"category","embeddable":true,"href":"https:\/\/cdnoticias.com\/index.php\/wp-json\/wp\/v2\/categories?post=122527"},{"taxonomy":"post_tag","embeddable":true,"href":"https:\/\/cdnoticias.com\/index.php\/wp-json\/wp\/v2\/tags?post=122527"}],"curies":[{"name":"wp","href":"https:\/\/api.w.org\/{rel}","templated":true}]}}