{"id":12252,"date":"2021-01-25T19:28:56","date_gmt":"2021-01-25T22:28:56","guid":{"rendered":"http:\/\/www.centraldenoticias.com.ar\/?p=12252"},"modified":"2021-01-26T08:15:30","modified_gmt":"2021-01-26T11:15:30","slug":"roberto-oscar-valentini-q-e-p-d","status":"publish","type":"post","link":"https:\/\/cdnoticias.com\/index.php\/2021\/01\/25\/roberto-oscar-valentini-q-e-p-d\/","title":{"rendered":"Roberto Oscar Valentini (Q.E.P.D.)"},"content":{"rendered":"<p lang=\"es-US\">Falleci\u00f3 en Olavarr\u00eda el 25 de enero a los 76 a\u00f1os.<\/p>\n<p lang=\"es-US\">Sus restos ser\u00e1n velados en Sala \u201cD\u201d de Espa\u00f1a 2942 el martes 26 a partir de las 8:00, y ser\u00e1n inhumados en el cementerio Loma de Paz, a las 9:30, previo responso en la capilla ardiente. Vecino de barrio CECO I. Oriundo de Olavarr\u00eda. Jubilado.<\/p>\n","protected":false},"excerpt":{"rendered":"<p>Falleci\u00f3 en Olavarr\u00eda el 25 de enero a los 76 a\u00f1os. Sus restos ser\u00e1n velados en Sala \u201cD\u201d de Espa\u00f1a<\/p>\n","protected":false},"author":5,"featured_media":0,"comment_status":"closed","ping_status":"closed","sticky":false,"template":"","format":"standard","meta":{"_jetpack_memberships_contains_paid_content":false,"footnotes":""},"categories":[10],"tags":[],"class_list":["post-12252","post","type-post","status-publish","format-standard","hentry","category-necrologicas"],"jetpack_featured_media_url":"","jetpack_sharing_enabled":true,"_links":{"self":[{"href":"https:\/\/cdnoticias.com\/index.php\/wp-json\/wp\/v2\/posts\/12252","targetHints":{"allow":["GET"]}}],"collection":[{"href":"https:\/\/cdnoticias.com\/index.php\/wp-json\/wp\/v2\/posts"}],"about":[{"href":"https:\/\/cdnoticias.com\/index.php\/wp-json\/wp\/v2\/types\/post"}],"author":[{"embeddable":true,"href":"https:\/\/cdnoticias.com\/index.php\/wp-json\/wp\/v2\/users\/5"}],"replies":[{"embeddable":true,"href":"https:\/\/cdnoticias.com\/index.php\/wp-json\/wp\/v2\/comments?post=12252"}],"version-history":[{"count":0,"href":"https:\/\/cdnoticias.com\/index.php\/wp-json\/wp\/v2\/posts\/12252\/revisions"}],"wp:attachment":[{"href":"https:\/\/cdnoticias.com\/index.php\/wp-json\/wp\/v2\/media?parent=12252"}],"wp:term":[{"taxonomy":"category","embeddable":true,"href":"https:\/\/cdnoticias.com\/index.php\/wp-json\/wp\/v2\/categories?post=12252"},{"taxonomy":"post_tag","embeddable":true,"href":"https:\/\/cdnoticias.com\/index.php\/wp-json\/wp\/v2\/tags?post=12252"}],"curies":[{"name":"wp","href":"https:\/\/api.w.org\/{rel}","templated":true}]}}