{"id":122503,"date":"2024-08-15T17:56:23","date_gmt":"2024-08-15T20:56:23","guid":{"rendered":"https:\/\/cdnoticias.com\/?p=122503"},"modified":"2024-08-15T17:56:25","modified_gmt":"2024-08-15T20:56:25","slug":"taller-de-introduccion-al-mosaiquismo-en-el-centro-cultural-universitario","status":"publish","type":"post","link":"https:\/\/cdnoticias.com\/index.php\/2024\/08\/15\/taller-de-introduccion-al-mosaiquismo-en-el-centro-cultural-universitario\/","title":{"rendered":"Taller de Introducci\u00f3n al Mosaiquismo en el Centro Cultural Universitario"},"content":{"rendered":"\n<p>La actividad es gratuita y comenzar\u00e1 el lunes 19 de agosto. No requiere experiencia previa y los cupos son limitados.<\/p>\n\n\n\n<hr class=\"wp-block-separator aligncenter has-alpha-channel-opacity\"\/>\n\n\n\n<p>A partir del <strong>lunes 19 de agosto<\/strong> de <strong>14 a 16 horas<\/strong> comenzar\u00e1 el <strong>Taller de Introducci\u00f3n al Mosaiquismo<\/strong> en el <strong>Centro Cultural Universitario<\/strong> ubicado en San Mart\u00edn 1955,<\/p>\n\n\n\n<p><\/p>\n\n\n\n<p>El taller estar\u00e1 a cargo de la profesora en Artes Visuales, <strong>Paula Badagnani<\/strong> y tiene como objetivo recibir los <strong>conocimientos b\u00e1sicos sobre el arte del Mosaiquismo<\/strong> y la composici\u00f3n como por ejemplo el arte del Trencadis, teselas romanas, teselas industriales y uso art\u00edstico de loza partida.<\/p>\n\n\n\n<p><\/p>\n\n\n\n<p>La t\u00e9cnica puede aplicarse en diferentes soportes: bandejas, frascos, macetas, paredes y todo tipo de proyectos.<\/p>\n\n\n\n<p><\/p>\n\n\n\n<blockquote class=\"wp-block-quote is-layout-flow wp-block-quote-is-layout-flow\">\n<p>El taller est\u00e1 dirigido a cualquier persona a partir de los 14 a\u00f1os en adelante y no requiere experiencia previa. Adem\u00e1s, la actividad es gratuita y requiere inscripci\u00f3n previa a meanotoculturaunicen@gmail.com o personalmente de lunes a viernes de 13 a 17 horas en San Mart\u00edn 1955. Los cupos son limitados.<\/p>\n<\/blockquote>\n\n\n\n<p><\/p>\n\n\n\n<p>Los interesados <strong>deben conseguir algunos de estos materiales<\/strong>: azulejos partidos o de demolici\u00f3n, venecitas, vajilla que se haya roto,\u00a0 piedras, pegamento apto para el soporte elegido (para madera: cola de carpintero; para vidrio: pegamento siliconado para vidrio y cer\u00e1mica), soporte para realizar la obra, martillo\/ hachuela, o pinzas de mosaiquismo, antiparras, papel de diario o tela en desuso.<\/p>\n\n\n\n<p><\/p>\n","protected":false},"excerpt":{"rendered":"<p>La actividad es gratuita y comenzar\u00e1 el lunes 19 de agosto. No requiere experiencia previa y los cupos son limitados.<\/p>\n","protected":false},"author":6,"featured_media":81938,"comment_status":"closed","ping_status":"closed","sticky":false,"template":"","format":"standard","meta":{"_jetpack_memberships_contains_paid_content":false,"footnotes":""},"categories":[9,1],"tags":[],"class_list":["post-122503","post","type-post","status-publish","format-standard","has-post-thumbnail","hentry","category-cultura","category-portada"],"jetpack_featured_media_url":"https:\/\/i0.wp.com\/cdnoticias.com\/wp-content\/uploads\/2023\/04\/Centro-Cultural-Universitario-1.jpg?fit=1280%2C712&ssl=1","jetpack_sharing_enabled":true,"_links":{"self":[{"href":"https:\/\/cdnoticias.com\/index.php\/wp-json\/wp\/v2\/posts\/122503","targetHints":{"allow":["GET"]}}],"collection":[{"href":"https:\/\/cdnoticias.com\/index.php\/wp-json\/wp\/v2\/posts"}],"about":[{"href":"https:\/\/cdnoticias.com\/index.php\/wp-json\/wp\/v2\/types\/post"}],"author":[{"embeddable":true,"href":"https:\/\/cdnoticias.com\/index.php\/wp-json\/wp\/v2\/users\/6"}],"replies":[{"embeddable":true,"href":"https:\/\/cdnoticias.com\/index.php\/wp-json\/wp\/v2\/comments?post=122503"}],"version-history":[{"count":0,"href":"https:\/\/cdnoticias.com\/index.php\/wp-json\/wp\/v2\/posts\/122503\/revisions"}],"wp:featuredmedia":[{"embeddable":true,"href":"https:\/\/cdnoticias.com\/index.php\/wp-json\/wp\/v2\/media\/81938"}],"wp:attachment":[{"href":"https:\/\/cdnoticias.com\/index.php\/wp-json\/wp\/v2\/media?parent=122503"}],"wp:term":[{"taxonomy":"category","embeddable":true,"href":"https:\/\/cdnoticias.com\/index.php\/wp-json\/wp\/v2\/categories?post=122503"},{"taxonomy":"post_tag","embeddable":true,"href":"https:\/\/cdnoticias.com\/index.php\/wp-json\/wp\/v2\/tags?post=122503"}],"curies":[{"name":"wp","href":"https:\/\/api.w.org\/{rel}","templated":true}]}}