{"id":12250,"date":"2021-01-25T19:28:03","date_gmt":"2021-01-25T22:28:03","guid":{"rendered":"http:\/\/www.centraldenoticias.com.ar\/?p=12250"},"modified":"2021-01-25T19:28:03","modified_gmt":"2021-01-25T22:28:03","slug":"elsa-damiana-dumerauf-viuda-de-eyarch-q-e-p-d","status":"publish","type":"post","link":"https:\/\/cdnoticias.com\/index.php\/2021\/01\/25\/elsa-damiana-dumerauf-viuda-de-eyarch-q-e-p-d\/","title":{"rendered":"Elsa Damiana Dumerauf viuda de Eyarch (Q.E.P.D.)"},"content":{"rendered":"<p lang=\"es-US\">Falleci\u00f3 en Olavarr\u00eda el 25 de enero de 2021 a los 95 a\u00f1os. Sus hijos Reinaldo, Noem\u00ed y Fabi\u00e1n; su hermana Olga; sus hijos pol\u00edticos, nietos, bisnietos y dem\u00e1s deudos participan su fallecimiento.<\/p>\n<p lang=\"es-US\">\n<p lang=\"es-US\">No se realiza velatorio y sus restos ser\u00e1n inhumados en el Cementerio de Hinojo este marte 26 a las 10:30. Vecina de Hinojo. Jubilada y Pensionada.<\/p>\n","protected":false},"excerpt":{"rendered":"<p>Falleci\u00f3 en Olavarr\u00eda el 25 de enero de 2021 a los 95 a\u00f1os. Sus hijos Reinaldo, Noem\u00ed y Fabi\u00e1n; su<\/p>\n","protected":false},"author":5,"featured_media":0,"comment_status":"closed","ping_status":"closed","sticky":false,"template":"","format":"standard","meta":{"_jetpack_memberships_contains_paid_content":false,"footnotes":""},"categories":[10],"tags":[],"class_list":["post-12250","post","type-post","status-publish","format-standard","hentry","category-necrologicas"],"jetpack_featured_media_url":"","jetpack_sharing_enabled":true,"_links":{"self":[{"href":"https:\/\/cdnoticias.com\/index.php\/wp-json\/wp\/v2\/posts\/12250","targetHints":{"allow":["GET"]}}],"collection":[{"href":"https:\/\/cdnoticias.com\/index.php\/wp-json\/wp\/v2\/posts"}],"about":[{"href":"https:\/\/cdnoticias.com\/index.php\/wp-json\/wp\/v2\/types\/post"}],"author":[{"embeddable":true,"href":"https:\/\/cdnoticias.com\/index.php\/wp-json\/wp\/v2\/users\/5"}],"replies":[{"embeddable":true,"href":"https:\/\/cdnoticias.com\/index.php\/wp-json\/wp\/v2\/comments?post=12250"}],"version-history":[{"count":0,"href":"https:\/\/cdnoticias.com\/index.php\/wp-json\/wp\/v2\/posts\/12250\/revisions"}],"wp:attachment":[{"href":"https:\/\/cdnoticias.com\/index.php\/wp-json\/wp\/v2\/media?parent=12250"}],"wp:term":[{"taxonomy":"category","embeddable":true,"href":"https:\/\/cdnoticias.com\/index.php\/wp-json\/wp\/v2\/categories?post=12250"},{"taxonomy":"post_tag","embeddable":true,"href":"https:\/\/cdnoticias.com\/index.php\/wp-json\/wp\/v2\/tags?post=12250"}],"curies":[{"name":"wp","href":"https:\/\/api.w.org\/{rel}","templated":true}]}}