{"id":1225,"date":"2021-06-27T13:51:39","date_gmt":"2021-06-27T16:51:39","guid":{"rendered":"http:\/\/centraldeportes.com.ar\/?p=1225"},"modified":"2025-01-24T01:20:52","modified_gmt":"2025-01-24T04:20:52","slug":"federico-chingotto-y-juan-tello-cayeron-en-la-definicion-del-master-de-valladolid","status":"publish","type":"post","link":"https:\/\/cdnoticias.com\/index.php\/2021\/06\/27\/federico-chingotto-y-juan-tello-cayeron-en-la-definicion-del-master-de-valladolid\/","title":{"rendered":"Federico Chingotto y Juan Tello cayeron en la definici\u00f3n del M\u00e1ster de Valladolid"},"content":{"rendered":"<p>La pareja compuesta por el olavarriense y el cordob\u00e9s cay\u00f3 en la Final del Valladolid M\u00e1ster disputado en la ma\u00f1ana de este domingo.<!--more--><\/p>\n<hr \/>\n<p>Federico Chingotto y Juan Tello no pudieron consagrarse campeones del M\u00e1ster de Valladolid ya que perdieron ante Luciano Capra y Maximiliano S\u00e1nchez por 6\/4 6\/3.<\/p>\n<p>&nbsp;<\/p>\n<p>Finalizado el certamen, Chingotto competir\u00e1 con la Selecci\u00f3n de Am\u00e9rica un certamen exhibici\u00f3n en Suecia y luego comenzar\u00e1 el Valencia Open para la pareja compuesta por el olavarriense y el cordob\u00e9s.<\/p>\n","protected":false},"excerpt":{"rendered":"<p>La pareja compuesta por el olavarriense y el cordob\u00e9s cay\u00f3 en la Final del Valladolid M\u00e1ster disputado en la ma\u00f1ana<\/p>\n","protected":false},"author":96739694,"featured_media":0,"comment_status":"closed","ping_status":"closed","sticky":false,"template":"","format":"standard","meta":{"_jetpack_memberships_contains_paid_content":false,"footnotes":""},"categories":[30,1],"tags":[],"class_list":["post-1225","post","type-post","status-publish","format-standard","hentry","category-polideportivo","category-portada"],"jetpack_featured_media_url":"","jetpack_sharing_enabled":true,"_links":{"self":[{"href":"https:\/\/cdnoticias.com\/index.php\/wp-json\/wp\/v2\/posts\/1225","targetHints":{"allow":["GET"]}}],"collection":[{"href":"https:\/\/cdnoticias.com\/index.php\/wp-json\/wp\/v2\/posts"}],"about":[{"href":"https:\/\/cdnoticias.com\/index.php\/wp-json\/wp\/v2\/types\/post"}],"author":[{"embeddable":true,"href":"https:\/\/cdnoticias.com\/index.php\/wp-json\/wp\/v2\/users\/96739694"}],"replies":[{"embeddable":true,"href":"https:\/\/cdnoticias.com\/index.php\/wp-json\/wp\/v2\/comments?post=1225"}],"version-history":[{"count":0,"href":"https:\/\/cdnoticias.com\/index.php\/wp-json\/wp\/v2\/posts\/1225\/revisions"}],"wp:attachment":[{"href":"https:\/\/cdnoticias.com\/index.php\/wp-json\/wp\/v2\/media?parent=1225"}],"wp:term":[{"taxonomy":"category","embeddable":true,"href":"https:\/\/cdnoticias.com\/index.php\/wp-json\/wp\/v2\/categories?post=1225"},{"taxonomy":"post_tag","embeddable":true,"href":"https:\/\/cdnoticias.com\/index.php\/wp-json\/wp\/v2\/tags?post=1225"}],"curies":[{"name":"wp","href":"https:\/\/api.w.org\/{rel}","templated":true}]}}