{"id":122460,"date":"2024-08-09T17:41:09","date_gmt":"2024-08-09T20:41:09","guid":{"rendered":"https:\/\/cdnoticias.com\/?p=122460"},"modified":"2024-08-09T19:38:56","modified_gmt":"2024-08-09T22:38:56","slug":"eduardo-bali-bucca-propuso-reconocer-a-federico-chingotto","status":"publish","type":"post","link":"https:\/\/cdnoticias.com\/index.php\/2024\/08\/09\/eduardo-bali-bucca-propuso-reconocer-a-federico-chingotto\/","title":{"rendered":"Eduardo \u201cBali\u201d Bucca propuso reconocer a Federico Chingotto"},"content":{"rendered":"<p>El senador present\u00f3 un proyecto de ley en la Legislatura para declarar personalidad destacada del deporte al olavarriense. <!--more--><\/p>\n<hr \/>\n<p>El <strong>senador provincial Eduardo Bucca<\/strong> present\u00f3 un <strong>proyecto de Ley en la C\u00e1mara de Senadores de la Provincia de Buenos Aires<\/strong> para declarar a<strong> Federico Chingotto como Personalidad Destacada del Deporte<\/strong>. Este reconocimiento busca <strong>homenajear al talentoso jugador de p\u00e1del olavarriense<\/strong> por su brillante carrera y su constante esfuerzo y dedicaci\u00f3n.<\/p>\n<p>En la jornada del mi\u00e9rcoles, se llev\u00f3 a cabo la <strong>Comisi\u00f3n de Deportes<\/strong>, y all\u00ed se trat\u00f3 el proyecto que busca destacar al deportista oriundo de Olavarr\u00eda. \u201cComo deportista, veo que <strong>el padel es un deporte que est\u00e1 atravesando un enorme proceso de expansi\u00f3n<\/strong>, no solo a nivel internacional sino desde la elecci\u00f3n de este deporte en los m\u00e1s chicos, y eso lo vemos reflejado en las<strong> canchas y escuelas que se vienen abriendo en toda la provincia\u201d<\/strong>, declar\u00f3 el legislador \u201cBali\u201d Bucca y, al respecto, agreg\u00f3: \u201cLo que vive hoy el padel es impresionante por eso es fundamental acompa\u00f1arlo, fortalecerlo desde los distintos sectores\u201d.<\/p>\n<p>\u201cAprovechando que estamos en medio de los Juegos Ol\u00edmpicos, tenemos la esperanza que desde esta Comisi\u00f3n de Deportes, del Senado Provincial, <em>generemos tambi\u00e9n un disparador para proyectar el recorrido del padel en los Juegos Ol\u00edmpicos<\/em>, trabajando articuladamente junto a las Federaciones, directivos y jugadores para ir reuniendo todos los requerimientos necesarios\u201d, augur\u00f3 el m\u00e9dico y legislador Bucca.<\/p>\n<p><img data-recalc-dims=\"1\" loading=\"lazy\" decoding=\"async\" class=\"size-full wp-image-122463 aligncenter\" src=\"https:\/\/i0.wp.com\/cdnoticias.com\/wp-content\/uploads\/2024\/08\/bali-bucca-chingotto-00.jpg?resize=800%2C445&#038;ssl=1\" alt=\"\" width=\"800\" height=\"445\" srcset=\"https:\/\/i0.wp.com\/cdnoticias.com\/wp-content\/uploads\/2024\/08\/bali-bucca-chingotto-00.jpg?w=1000&amp;ssl=1 1000w, https:\/\/i0.wp.com\/cdnoticias.com\/wp-content\/uploads\/2024\/08\/bali-bucca-chingotto-00.jpg?resize=300%2C167&amp;ssl=1 300w, https:\/\/i0.wp.com\/cdnoticias.com\/wp-content\/uploads\/2024\/08\/bali-bucca-chingotto-00.jpg?resize=768%2C427&amp;ssl=1 768w, https:\/\/i0.wp.com\/cdnoticias.com\/wp-content\/uploads\/2024\/08\/bali-bucca-chingotto-00.jpg?resize=800%2C445&amp;ssl=1 800w\" sizes=\"auto, (max-width: 800px) 100vw, 800px\" \/><\/p>\n<blockquote><p>Durante la Comisi\u00f3n de Deportes, el olavarriense Federico Chingotto particip\u00f3 por videollamada desde Espa\u00f1a y expres\u00f3 que \u201cmi sue\u00f1o era estar a la \u00e9lite del padel mundial, vengo de una familia humilde y nos cost\u00f3 much\u00edsimo llegar, un esfuerzo inhumano que hicimos, por eso d\u00eda a d\u00eda les devuelvo ese sacrificio con entrega y garra en cada entrenamiento o partido. Hicimos cientos de viajes a pulm\u00f3n por el interior, viaj\u00e9 mucho a Bol\u00edvar, Bali se debe acordar de las cl\u00ednicas de padel que organizaban\u201d. Tambi\u00e9n particip\u00f3 de la reuni\u00f3n el entrenador bolivarense de padel, Mat\u00edas Ortiz y el subsecretario de deportes de la Municipalidad de Olavarr\u00eda, Pablo Arouxet.<\/p><\/blockquote>\n<p><strong>\u201cFede es un verdadero trabajador del padel, que hizo todo el camino necesario para llegar hoy a donde est\u00e1<\/strong>, lleg\u00f3 a que podamos verlo en la tele, en casi todas las finales. Recuerdo que lo conoc\u00ed cuando fui Intendente de Bol\u00edvar y Fede era muy chico, ven\u00eda a nuestra ciudad a participar de las cl\u00ednicas que organiz\u00e1bamos desde la Subsecretar\u00eda de Deportes\u201d, manifest\u00f3 Bucca.<\/p>\n<p>El proyecto de ley, que ya se present\u00f3 en la legislatura y est\u00e1 siendo tratado por diferentes comisiones, <strong>propone declarar a Federico Chingotto como Personalidad Destacada del Deporte de la provincia de Buenos Aires, en virtud de su sobresaliente trayectoria en el \u00e1mbito del p\u00e1del a nivel mundial<\/strong>. Chingotto ha demostrado ser <strong>un ejemplo de superaci\u00f3n, fortaleza y profesionalismo<\/strong>, ascendiendo en las posiciones del circuito de Premier Padel y en el ranking FIP, donde ha alcanzado la cuarta posici\u00f3n individual y conforma la pareja n\u00famero 2 del ranking mundial.<\/p>\n<p><img data-recalc-dims=\"1\" loading=\"lazy\" decoding=\"async\" class=\"size-full wp-image-122461 aligncenter\" src=\"https:\/\/i0.wp.com\/cdnoticias.com\/wp-content\/uploads\/2024\/08\/bali-bucca-chingotto-02.jpg?resize=800%2C445&#038;ssl=1\" alt=\"\" width=\"800\" height=\"445\" srcset=\"https:\/\/i0.wp.com\/cdnoticias.com\/wp-content\/uploads\/2024\/08\/bali-bucca-chingotto-02.jpg?w=1000&amp;ssl=1 1000w, https:\/\/i0.wp.com\/cdnoticias.com\/wp-content\/uploads\/2024\/08\/bali-bucca-chingotto-02.jpg?resize=300%2C167&amp;ssl=1 300w, https:\/\/i0.wp.com\/cdnoticias.com\/wp-content\/uploads\/2024\/08\/bali-bucca-chingotto-02.jpg?resize=768%2C427&amp;ssl=1 768w, https:\/\/i0.wp.com\/cdnoticias.com\/wp-content\/uploads\/2024\/08\/bali-bucca-chingotto-02.jpg?resize=800%2C445&amp;ssl=1 800w\" sizes=\"auto, (max-width: 800px) 100vw, 800px\" \/><\/p>\n<blockquote><p>En el transcurso de la videollamada, Chingotto tambi\u00e9n asegur\u00f3 estar pasando el mejor momento de su carrera, \u201csoy pareja n\u00famero dos del mundo, luchando siempre contra los n\u00famero uno. As\u00ed que, solo tengo palabras de agradecimiento por este reconocimiento, gracias a todos por esto, de verdad\u201d.<\/p><\/blockquote>\n<p>\u201cFederico Chingotto no es solo un gran profesional, <strong>es reconocido por el p\u00fablico y por sus pares como una excelente persona, con grandes valores<\/strong>. Y eso<strong> nos enorgullece a los bonaerenses, que alguien tan joven de Olavarr\u00eda est\u00e9 en la elite mundial de un deporte y transmita esos valores<\/strong>. Nos pasa lo mismo con Bela, un orgullo de Pehuaj\u00f3 que lleg\u00f3 a lo m\u00e1s alto del padel mundial\u201d, finaliz\u00f3 el senador Bucca.<\/p>\n","protected":false},"excerpt":{"rendered":"<p>El senador present\u00f3 un proyecto de ley en la Legislatura para declarar personalidad destacada del deporte al olavarriense.<\/p>\n","protected":false},"author":4,"featured_media":122462,"comment_status":"closed","ping_status":"closed","sticky":false,"template":"","format":"standard","meta":{"_jetpack_memberships_contains_paid_content":false,"footnotes":""},"categories":[4,1],"tags":[],"class_list":["post-122460","post","type-post","status-publish","format-standard","has-post-thumbnail","hentry","category-politica","category-portada"],"jetpack_featured_media_url":"https:\/\/i0.wp.com\/cdnoticias.com\/wp-content\/uploads\/2024\/08\/bali-bucca-chingotto-01.jpg?fit=1000%2C557&ssl=1","jetpack_sharing_enabled":true,"_links":{"self":[{"href":"https:\/\/cdnoticias.com\/index.php\/wp-json\/wp\/v2\/posts\/122460","targetHints":{"allow":["GET"]}}],"collection":[{"href":"https:\/\/cdnoticias.com\/index.php\/wp-json\/wp\/v2\/posts"}],"about":[{"href":"https:\/\/cdnoticias.com\/index.php\/wp-json\/wp\/v2\/types\/post"}],"author":[{"embeddable":true,"href":"https:\/\/cdnoticias.com\/index.php\/wp-json\/wp\/v2\/users\/4"}],"replies":[{"embeddable":true,"href":"https:\/\/cdnoticias.com\/index.php\/wp-json\/wp\/v2\/comments?post=122460"}],"version-history":[{"count":0,"href":"https:\/\/cdnoticias.com\/index.php\/wp-json\/wp\/v2\/posts\/122460\/revisions"}],"wp:featuredmedia":[{"embeddable":true,"href":"https:\/\/cdnoticias.com\/index.php\/wp-json\/wp\/v2\/media\/122462"}],"wp:attachment":[{"href":"https:\/\/cdnoticias.com\/index.php\/wp-json\/wp\/v2\/media?parent=122460"}],"wp:term":[{"taxonomy":"category","embeddable":true,"href":"https:\/\/cdnoticias.com\/index.php\/wp-json\/wp\/v2\/categories?post=122460"},{"taxonomy":"post_tag","embeddable":true,"href":"https:\/\/cdnoticias.com\/index.php\/wp-json\/wp\/v2\/tags?post=122460"}],"curies":[{"name":"wp","href":"https:\/\/api.w.org\/{rel}","templated":true}]}}