{"id":122419,"date":"2024-08-07T20:16:43","date_gmt":"2024-08-07T23:16:43","guid":{"rendered":"https:\/\/cdnoticias.com\/?p=122419"},"modified":"2024-08-08T08:09:48","modified_gmt":"2024-08-08T11:09:48","slug":"el-ministerio-de-trabajo-dicto-la-conciliacion-obligatoria-ante-la-medida-de-fuerza-del-sindicato-de-municipales","status":"publish","type":"post","link":"https:\/\/cdnoticias.com\/index.php\/2024\/08\/07\/el-ministerio-de-trabajo-dicto-la-conciliacion-obligatoria-ante-la-medida-de-fuerza-del-sindicato-de-municipales\/","title":{"rendered":"El Ministerio de Trabajo dict\u00f3 la conciliaci\u00f3n obligatoria ante la medida de fuerza del Sindicato de Municipales"},"content":{"rendered":"\n<p>Fue pasadas las 18:00 horas. Las dos partes fueron notificadas. La conciliaci\u00f3n durar\u00e1 15 d\u00edas. De esta forma, queda sin efecto la medida sindical tomada este mi\u00e9rcoles.<\/p>\n\n\n\n<hr class=\"wp-block-separator aligncenter has-alpha-channel-opacity\"\/>\n\n\n\n<p>Luego de que el Sindicato de Trabajadores Municipales dictaminara el \u201cestado de alerta, movilizaci\u00f3n y asamblea permanente\u201d con medidas concretas en el Hospital Municipal, <strong>el Ministerio de Trabajo provincial dictamin\u00f3 la conciliaci\u00f3n obligatoria y se abri\u00f3 un canal de di\u00e1logo, dejando las medidas sin efecto.<\/strong><\/p>\n\n\n\n<p>Para el Ministerio de Trabajo las medidas de acci\u00f3n directa <em><strong>\u201calterar\u00edan el normal desarrollo de las actividades dentro del Municipio en cuesti\u00f3n, generando un perjuicio directo a la comunidad y un malestar que provoca la alteraci\u00f3n del equilibrio social que debe mantenerse en situaciones extraordinarias como las actuales\u201d.<\/strong><\/em><\/p>\n\n\n\n<blockquote class=\"wp-block-quote is-layout-flow wp-block-quote-is-layout-flow\">\n<p>En concreto, la conciliaci\u00f3n durar\u00e1 15 d\u00edas, periodo en el cual \u201cde acuerdo con lo establecido en dicha normativa retrotrayendo la situaci\u00f3n a la existente con anterioridad al inicio del presente conflicto\u201d.<\/p>\n<\/blockquote>\n\n\n\n<p><strong>Las partes fueron notificadas pasadas las 18:00 horas, seg\u00fan preciso el titular de la delegaci\u00f3n local Lucas Miriuka ante la consulta de Central de Noticias<\/strong>, y ahora el STMO no podr\u00e1 realizar<em> \u201cmedidas de acci\u00f3n directa que estuviesen implementando y\/o tuvieran previsto implementar, prestando servicios de manera normal y habitual, debi\u00e9ndose garantizar el normal y habitual desenvolvimiento\u201d<\/em> por el plazo establecido.<\/p>\n","protected":false},"excerpt":{"rendered":"<p>Fue pasadas las 18:00 horas. Las dos partes fueron notificadas. La conciliaci\u00f3n durar\u00e1 15 d\u00edas. De esta forma, queda sin<\/p>\n","protected":false},"author":2,"featured_media":41489,"comment_status":"closed","ping_status":"closed","sticky":false,"template":"","format":"standard","meta":{"_jetpack_memberships_contains_paid_content":false,"footnotes":""},"categories":[4,1],"tags":[],"class_list":["post-122419","post","type-post","status-publish","format-standard","has-post-thumbnail","hentry","category-politica","category-portada"],"jetpack_featured_media_url":"https:\/\/i0.wp.com\/cdnoticias.com\/wp-content\/uploads\/2021\/12\/malvinas-ministerio-de-trabajo-00.jpg?fit=800%2C445&ssl=1","jetpack_sharing_enabled":true,"_links":{"self":[{"href":"https:\/\/cdnoticias.com\/index.php\/wp-json\/wp\/v2\/posts\/122419","targetHints":{"allow":["GET"]}}],"collection":[{"href":"https:\/\/cdnoticias.com\/index.php\/wp-json\/wp\/v2\/posts"}],"about":[{"href":"https:\/\/cdnoticias.com\/index.php\/wp-json\/wp\/v2\/types\/post"}],"author":[{"embeddable":true,"href":"https:\/\/cdnoticias.com\/index.php\/wp-json\/wp\/v2\/users\/2"}],"replies":[{"embeddable":true,"href":"https:\/\/cdnoticias.com\/index.php\/wp-json\/wp\/v2\/comments?post=122419"}],"version-history":[{"count":0,"href":"https:\/\/cdnoticias.com\/index.php\/wp-json\/wp\/v2\/posts\/122419\/revisions"}],"wp:featuredmedia":[{"embeddable":true,"href":"https:\/\/cdnoticias.com\/index.php\/wp-json\/wp\/v2\/media\/41489"}],"wp:attachment":[{"href":"https:\/\/cdnoticias.com\/index.php\/wp-json\/wp\/v2\/media?parent=122419"}],"wp:term":[{"taxonomy":"category","embeddable":true,"href":"https:\/\/cdnoticias.com\/index.php\/wp-json\/wp\/v2\/categories?post=122419"},{"taxonomy":"post_tag","embeddable":true,"href":"https:\/\/cdnoticias.com\/index.php\/wp-json\/wp\/v2\/tags?post=122419"}],"curies":[{"name":"wp","href":"https:\/\/api.w.org\/{rel}","templated":true}]}}