{"id":122409,"date":"2024-08-12T13:19:08","date_gmt":"2024-08-12T16:19:08","guid":{"rendered":"https:\/\/cdnoticias.com\/?p=122409"},"modified":"2024-08-12T13:20:51","modified_gmt":"2024-08-12T16:20:51","slug":"defensa-al-consumidor-atendera-en-sierras-bayas","status":"publish","type":"post","link":"https:\/\/cdnoticias.com\/index.php\/2024\/08\/12\/defensa-al-consumidor-atendera-en-sierras-bayas\/","title":{"rendered":"Defensa al Consumidor atender\u00e1 en Sierras Bayas"},"content":{"rendered":"\n<p>Ser\u00e1 el pr\u00f3ximo martes en la sede de la Delegaci\u00f3n Municipal de Sierras Bayas. Se busca canalizar distintos reclamos con la finalidad de brindar una mejor atenci\u00f3n para vecinos y vecinas.<\/p>\n\n\n\n<hr class=\"wp-block-separator aligncenter has-alpha-channel-opacity\"\/>\n\n\n\n<p>El personal de la Direcci\u00f3n de <strong>Defensa al Consumidor y Asuntos Vecinales contin\u00faa con el programa itinerante de visitas a localidades<\/strong> del Partido de Olavarr\u00eda.<\/p>\n\n\n\n<p><\/p>\n\n\n\n<blockquote class=\"wp-block-quote is-layout-flow wp-block-quote-is-layout-flow\">\n<p>El cronograma continuar\u00e1 la pr\u00f3xima semana, el martes 13 de agosto, de 9 a 11 horas, en la sede de la Delegaci\u00f3n Municipal de Sierras Bayas, ubicadaen San Mart\u00edn 1696.<\/p>\n<\/blockquote>\n\n\n\n<p><\/p>\n\n\n\n<p>Cabe recordar que dicho cronograma, que se implement\u00f3 desde el mes de mayo, se desarrolla de manera semanal, a los fines de facilitar tr\u00e1mites y brindar asesoramiento a la comunidad, en todo lo referido a denuncias en materia de defensa al consumidor o solicitudes de mediaciones vecinales.<\/p>\n\n\n\n<p><\/p>\n\n\n\n<p>Mediante este programa se busca <strong>canalizar distintos reclamos y efectuar las gestiones correspondientes,<\/strong> con la finalidad de brindar una mejor atenci\u00f3n para vecinos y vecinas del Partido de Olavarr\u00eda.<\/p>\n\n\n\n<p><\/p>\n\n\n\n<p>El servicio consiste en brindar informaci\u00f3n y asesoramiento en cuestiones vinculadas con la defensa de los derechos del consumidor, lo cual comprende tanto a personas f\u00edsicas como jur\u00eddicas, que adquieren bienes o servicios para consumo.<\/p>\n\n\n\n<p><\/p>\n\n\n\n<blockquote class=\"wp-block-quote is-layout-flow wp-block-quote-is-layout-flow\">\n<p>Defensa del Consumidor puede actuar en casos en los que la compra del producto o servicio se realiz\u00f3 dentro de los l\u00edmites del Partido de Olavarr\u00eda, ya sea en forma domiciliaria, internet, en forma telef\u00f3nica o puerta a puerta.<\/p>\n<\/blockquote>\n\n\n\n<p><\/p>\n\n\n\n<p>Tambi\u00e9n abarca, por ejemplo, incumplimientos de contratos, ofertas, baja de servicio, cambio de producto o tipo de servicio, d\u00e9bito indebido, anulaci\u00f3n de compra, error de facturaci\u00f3n, fallas en la calidad de productos o servicios, extrav\u00edo de encomienda, mala atenci\u00f3n entre otros.<\/p>\n\n\n\n<p><\/p>\n\n\n\n<p>En tanto que desde el <strong>\u00e1rea de Relaciones Vecinales<\/strong> se hace hincapi\u00e9 en la importancia de la <strong>mediaci\u00f3n comunitaria <\/strong>para promover reflexiones sobre la forma de relaci\u00f3n habitual y la importancia del di\u00e1logo constructivo para una sana convivencia entre vecinos.<\/p>\n\n\n\n<p><\/p>\n\n\n\n<p>En el servicio de Mediaci\u00f3n Comunitaria se tratan por ejemplo: desavenencias por filtraciones, medianeras, \u00e1rboles, ruidos molestos y de convivencia en general.<\/p>\n\n\n\n<p><\/p>\n","protected":false},"excerpt":{"rendered":"<p>Ser\u00e1 el pr\u00f3ximo martes en la sede de la Delegaci\u00f3n Municipal de Sierras Bayas. Se busca canalizar distintos reclamos con<\/p>\n","protected":false},"author":6,"featured_media":122412,"comment_status":"closed","ping_status":"closed","sticky":false,"template":"","format":"standard","meta":{"_jetpack_memberships_contains_paid_content":false,"footnotes":""},"categories":[5,1],"tags":[],"class_list":["post-122409","post","type-post","status-publish","format-standard","has-post-thumbnail","hentry","category-informacion-general","category-portada"],"jetpack_featured_media_url":"https:\/\/i0.wp.com\/cdnoticias.com\/wp-content\/uploads\/2024\/08\/defensaalconsumiddor.jpg?fit=900%2C506&ssl=1","jetpack_sharing_enabled":true,"_links":{"self":[{"href":"https:\/\/cdnoticias.com\/index.php\/wp-json\/wp\/v2\/posts\/122409","targetHints":{"allow":["GET"]}}],"collection":[{"href":"https:\/\/cdnoticias.com\/index.php\/wp-json\/wp\/v2\/posts"}],"about":[{"href":"https:\/\/cdnoticias.com\/index.php\/wp-json\/wp\/v2\/types\/post"}],"author":[{"embeddable":true,"href":"https:\/\/cdnoticias.com\/index.php\/wp-json\/wp\/v2\/users\/6"}],"replies":[{"embeddable":true,"href":"https:\/\/cdnoticias.com\/index.php\/wp-json\/wp\/v2\/comments?post=122409"}],"version-history":[{"count":0,"href":"https:\/\/cdnoticias.com\/index.php\/wp-json\/wp\/v2\/posts\/122409\/revisions"}],"wp:featuredmedia":[{"embeddable":true,"href":"https:\/\/cdnoticias.com\/index.php\/wp-json\/wp\/v2\/media\/122412"}],"wp:attachment":[{"href":"https:\/\/cdnoticias.com\/index.php\/wp-json\/wp\/v2\/media?parent=122409"}],"wp:term":[{"taxonomy":"category","embeddable":true,"href":"https:\/\/cdnoticias.com\/index.php\/wp-json\/wp\/v2\/categories?post=122409"},{"taxonomy":"post_tag","embeddable":true,"href":"https:\/\/cdnoticias.com\/index.php\/wp-json\/wp\/v2\/tags?post=122409"}],"curies":[{"name":"wp","href":"https:\/\/api.w.org\/{rel}","templated":true}]}}