{"id":122355,"date":"2024-08-07T12:06:46","date_gmt":"2024-08-07T15:06:46","guid":{"rendered":"https:\/\/cdnoticias.com\/?p=122355"},"modified":"2024-08-07T13:10:38","modified_gmt":"2024-08-07T16:10:38","slug":"maximiliano-wesner-sostuvo-que-no-entendemos-la-medida-del-stmo","status":"publish","type":"post","link":"https:\/\/cdnoticias.com\/index.php\/2024\/08\/07\/maximiliano-wesner-sostuvo-que-no-entendemos-la-medida-del-stmo\/","title":{"rendered":"Maximiliano Wesner sostuvo que \u201cno entendemos la medida\u201d del STMO"},"content":{"rendered":"<p>El intendente de Olavarr\u00eda inform\u00f3 que el Municipio contact\u00f3 al Ministerio de Trabajo por la declaraci\u00f3n de alerta del sindicato. A\u00fan no se respondi\u00f3 el pedido de reapertura de paritarias y dej\u00f3 entrever que ser\u00eda rechazado.<!--more--><\/p>\n<hr \/>\n<p>El <strong>intendente Maximiliano Wesner<\/strong> respondi\u00f3 a la consulta de los medios locales por la <strong>declaraci\u00f3n del estado de alerta por parte del Sindicato de Trabajadores Municipales (STMO)<\/strong> que <a href=\"https:\/\/cdnoticias.com\/index.php\/2024\/08\/07\/estado-de-alerta-del-stmo-medidas-en-el-hospital\/\" target=\"_blank\" rel=\"noopener\">afecta en forma directa los servicios del Hospital Municipal, especialmente el quir\u00f3fano<\/a>.<\/p>\n<p>&nbsp;<\/p>\n<blockquote><p>El jefe comunal sostuvo que \u201cno entendemos la medida\u201d del sindicato. Expuso que desde el Municipio se contact\u00f3 al Ministerio de Trabajo y que a\u00fan no fue respondido formalmente el pedido de reapertura de paritarias, aunque dej\u00f3 entrever que ser\u00eda rechazado.<\/p><\/blockquote>\n<p>&nbsp;<\/p>\n<p>Cabe se\u00f1alar que <strong>el acuerdo anterior, <a href=\"https:\/\/cdnoticias.com\/index.php\/2024\/06\/27\/el-municipio-y-el-sindicato-de-trabajadores-municipales-firmaron-un-acuerdo-paritario\/\" target=\"_blank\" rel=\"noopener\">pactado a fines de junio<\/a>, contemplaba subas salariales hasta el mes de agosto inclusive<\/strong>. Adem\u00e1s, Wesner destac\u00f3 que las partes<strong> hab\u00edan definido volver a negociar durante el mes de septiembre<\/strong>.<\/p>\n<p>&nbsp;<\/p>\n<p>La medida sindical tiene a los quir\u00f3fanos como uno de los servicios afectados. <strong>\u201cHoy a la ma\u00f1ana operamos con normalidad. Por ahora est\u00e1 garantizado\u201d respondi\u00f3 el intendente<\/strong> sobre la paralizaci\u00f3n de las operaciones programadas, una de las acciones de reclamo.<\/p>\n<p>&nbsp;<\/p>\n<blockquote class=\"instagram-media\" style=\"background: #FFF; border: 0; border-radius: 3px; box-shadow: 0 0 1px 0 rgba(0,0,0,0.5),0 1px 10px 0 rgba(0,0,0,0.15); margin: 1px; max-width: 540px; min-width: 326px; padding: 0; width: calc(100% - 2px);\" data-instgrm-permalink=\"https:\/\/www.instagram.com\/reel\/C-X2NRwopib\/?utm_source=ig_embed&amp;utm_campaign=loading\" data-instgrm-version=\"14\">\n<div style=\"padding: 16px;\">\n<div style=\"display: flex; flex-direction: row; align-items: center;\">\n<div style=\"background-color: #f4f4f4; border-radius: 50%; flex-grow: 0; height: 40px; margin-right: 14px; width: 40px;\"><\/div>\n<div style=\"display: flex; flex-direction: column; flex-grow: 1; justify-content: center;\">\n<div style=\"background-color: #f4f4f4; border-radius: 4px; flex-grow: 0; height: 14px; margin-bottom: 6px; width: 100px;\"><\/div>\n<div style=\"background-color: #f4f4f4; border-radius: 4px; flex-grow: 0; height: 14px; width: 60px;\"><\/div>\n<\/div>\n<\/div>\n<div style=\"padding: 19% 0;\"><\/div>\n<div style=\"display: block; height: 50px; margin: 0 auto 12px; width: 50px;\"><\/div>\n<div style=\"padding-top: 8px;\">\n<div style=\"color: #3897f0; font-family: Arial,sans-serif; font-size: 14px; font-style: normal; font-weight: 550; line-height: 18px;\">Ver esta publicaci\u00f3n en Instagram<\/div>\n<\/div>\n<div style=\"padding: 12.5% 0;\"><\/div>\n<div style=\"display: flex; flex-direction: row; margin-bottom: 14px; align-items: center;\">\n<div>\n<div style=\"background-color: #f4f4f4; border-radius: 50%; height: 12.5px; width: 12.5px; transform: translateX(0px) translateY(7px);\"><\/div>\n<div style=\"background-color: #f4f4f4; height: 12.5px; transform: rotate(-45deg) translateX(3px) translateY(1px); width: 12.5px; flex-grow: 0; margin-right: 14px; margin-left: 2px;\"><\/div>\n<div style=\"background-color: #f4f4f4; border-radius: 50%; height: 12.5px; width: 12.5px; transform: translateX(9px) translateY(-18px);\"><\/div>\n<\/div>\n<div style=\"margin-left: 8px;\">\n<div style=\"background-color: #f4f4f4; border-radius: 50%; flex-grow: 0; height: 20px; width: 20px;\"><\/div>\n<div style=\"width: 0; height: 0; border-top: 2px solid transparent; border-left: 6px solid #f4f4f4; border-bottom: 2px solid transparent; transform: translateX(16px) translateY(-4px) rotate(30deg);\"><\/div>\n<\/div>\n<div style=\"margin-left: auto;\">\n<div style=\"width: 0px; border-top: 8px solid #F4F4F4; border-right: 8px solid transparent; transform: translateY(16px);\"><\/div>\n<div style=\"background-color: #f4f4f4; flex-grow: 0; height: 12px; width: 16px; transform: translateY(-4px);\"><\/div>\n<div style=\"width: 0; height: 0; border-top: 8px solid #F4F4F4; border-left: 8px solid transparent; transform: translateY(-4px) translateX(8px);\"><\/div>\n<\/div>\n<\/div>\n<div style=\"display: flex; flex-direction: column; flex-grow: 1; justify-content: center; margin-bottom: 24px;\">\n<div style=\"background-color: #f4f4f4; border-radius: 4px; flex-grow: 0; height: 14px; margin-bottom: 6px; width: 224px;\"><\/div>\n<div style=\"background-color: #f4f4f4; border-radius: 4px; flex-grow: 0; height: 14px; width: 144px;\"><\/div>\n<\/div>\n<p style=\"color: #c9c8cd; font-family: Arial,sans-serif; font-size: 14px; line-height: 17px; margin-bottom: 0; margin-top: 8px; overflow: hidden; padding: 8px 0 7px; text-align: center; text-overflow: ellipsis; white-space: nowrap;\"><a style=\"color: #c9c8cd; font-family: Arial,sans-serif; font-size: 14px; font-style: normal; font-weight: normal; line-height: 17px; text-decoration: none;\" href=\"https:\/\/www.instagram.com\/reel\/C-X2NRwopib\/?utm_source=ig_embed&amp;utm_campaign=loading\" target=\"_blank\" rel=\"noopener\">Una publicaci\u00f3n compartida por Central de Noticias Olavarr\u00eda (@cdnolavarria)<\/a><\/p>\n<\/div>\n<\/blockquote>\n<p><script async src=\"\/\/www.instagram.com\/embed.js\"><\/script><\/p>\n<p>&nbsp;<\/p>\n<p>Agreg\u00f3 que <strong>\u201chay un estado de alerta y movilizaci\u00f3n a ra\u00edz de una comunicaci\u00f3n que recibimos el 1\u00ba de agosto<\/strong> desde el Sindicato con lo cual <strong>hab\u00edan pasado dos d\u00edas h\u00e1biles y nosotros no hab\u00edamos contestado<\/strong>. Si nos tomamos meses para atr\u00e1s el <strong>tiempo de respuesta era normal y habitual<\/strong>, con lo cual <strong>no entendemos la medida<\/strong> porque se plantean<strong> cuestiones que no se hab\u00edan planteado en la reciente paritaria<\/strong> que hab\u00edamos cerrado, que logramos firmar\u201d. Wesner hizo hincapi\u00e9 en que<em> \u201cera el primer acuerdo paritario que firmamos porque recordemos que los otros incrementos salariales han salido por decreto\u201d<\/em>.<\/p>\n<p>&nbsp;<\/p>\n<p>Acerca de la nota presentada el 1\u00ba de agosto el mandatario respondi\u00f3 que<strong> \u201cestamos en la redacci\u00f3n de manifestar la respuesta\u201d<\/strong>.<\/p>\n<p>&nbsp;<\/p>\n<blockquote><p>\u201cEstamos arbitrando los medios necesarios y en contacto permanente con el Ministerio de Trabajo de la Provincia de Buenos Aires, porque la verdad estamos desorientados con esto que han manifestado en esa comunicaci\u00f3n del 1\u00ba de agosto, que nos sorprende porque -reitero- no se hab\u00eda manifestado meses atr\u00e1s en la charla paritaria que tuvimos varios encuentros, no solamente uno y que pudimos acordar. Y firmamos tres puntos. Adjuntamos en la respuesta que estamos realizando ese acta acuerdo que firmamos hace dos meses atr\u00e1s\u201d detall\u00f3 sobre la presentaci\u00f3n efectuada en la delegaci\u00f3n de la cartera laboral. M\u00e1s adelante subray\u00f3 que en el acuerdo paritario firmado en junio \u201cestaba pactado y conversado sentarnos en los primeros d\u00edas de septiembre para poder liquidar el sueldo de septiembre, que se paga el primer d\u00eda de octubre, con el incremento necesario\u201d para retomar la negociaci\u00f3n.<\/p><\/blockquote>\n<p>&nbsp;<\/p>\n<p><img data-recalc-dims=\"1\" loading=\"lazy\" decoding=\"async\" class=\"size-full wp-image-122350 aligncenter\" src=\"https:\/\/i0.wp.com\/cdnoticias.com\/wp-content\/uploads\/2024\/08\/wesner-caps7-02.png?resize=800%2C445&#038;ssl=1\" alt=\"\" width=\"800\" height=\"445\" srcset=\"https:\/\/i0.wp.com\/cdnoticias.com\/wp-content\/uploads\/2024\/08\/wesner-caps7-02.png?w=800&amp;ssl=1 800w, https:\/\/i0.wp.com\/cdnoticias.com\/wp-content\/uploads\/2024\/08\/wesner-caps7-02.png?resize=300%2C167&amp;ssl=1 300w, https:\/\/i0.wp.com\/cdnoticias.com\/wp-content\/uploads\/2024\/08\/wesner-caps7-02.png?resize=768%2C427&amp;ssl=1 768w\" sizes=\"auto, (max-width: 800px) 100vw, 800px\" \/><\/p>\n<p>&nbsp;<\/p>\n<p>Sobre ese tema Maximiliano Wesner agreg\u00f3<strong> \u201cLa verdad que nos sorprende<\/strong>, porque incluso no solamente se hizo un acuerdo paritario de la ventana de los tres meses. Yo le manifestaba al secretario general que <strong>fue una paritaria que pens\u00f3 incrementos salariales a futuro y permanentes<\/strong>. Porque se internaliz\u00f3 la bonificaci\u00f3n que se ven\u00eda dando y que qued\u00f3 de manera permanente para todos los empleados y empleadas municipales. No se discuti\u00f3 paritaria por tres meses, sino a futuro tambi\u00e9n\u201d.<\/p>\n<p>&nbsp;<\/p>\n<p>El jefe comunal tambi\u00e9n previ\u00f3 que, <strong>de suspenderse las cirug\u00edas programadas, \u201chay una realidad, que se va a generar un cuello de botella en la atenci\u00f3n<\/strong>. Vamos a volver a retardar esa lista de espera que tanto ha reca\u00eddo en las espaldas de las familias, de los vecinos, en la salud de ellos mismos obviamente.<strong> Todo se complica y se complejiza mucho.<\/strong> La verdad que nosotros <strong>estamos operando en ese programa, en ese marco p\u00fablico privado<\/strong>, dos d\u00edas por la tarde en el Hospital y con cupos muy limitados en los tres efectores privados de salud. Pr\u00e1cticamente en dos, hay uno que tiene muy poquito de oferta semanal. No solamente es eso, no es el momento, sino es recuperar y restablecer el sistema que cuesta much\u00edsimo.<strong> M\u00e1s all\u00e1 de los costos, los tiempos<\/strong>\u201d.<\/p>\n<p>&nbsp;<\/p>\n","protected":false},"excerpt":{"rendered":"<p>El intendente de Olavarr\u00eda inform\u00f3 que el Municipio contact\u00f3 al Ministerio de Trabajo por la declaraci\u00f3n de alerta del sindicato.<\/p>\n","protected":false},"author":4,"featured_media":122349,"comment_status":"closed","ping_status":"closed","sticky":false,"template":"","format":"standard","meta":{"_jetpack_memberships_contains_paid_content":false,"footnotes":""},"categories":[4,1],"tags":[],"class_list":["post-122355","post","type-post","status-publish","format-standard","has-post-thumbnail","hentry","category-politica","category-portada"],"jetpack_featured_media_url":"https:\/\/i0.wp.com\/cdnoticias.com\/wp-content\/uploads\/2024\/08\/wesner-caps7-01.png?fit=800%2C445&ssl=1","jetpack_sharing_enabled":true,"_links":{"self":[{"href":"https:\/\/cdnoticias.com\/index.php\/wp-json\/wp\/v2\/posts\/122355","targetHints":{"allow":["GET"]}}],"collection":[{"href":"https:\/\/cdnoticias.com\/index.php\/wp-json\/wp\/v2\/posts"}],"about":[{"href":"https:\/\/cdnoticias.com\/index.php\/wp-json\/wp\/v2\/types\/post"}],"author":[{"embeddable":true,"href":"https:\/\/cdnoticias.com\/index.php\/wp-json\/wp\/v2\/users\/4"}],"replies":[{"embeddable":true,"href":"https:\/\/cdnoticias.com\/index.php\/wp-json\/wp\/v2\/comments?post=122355"}],"version-history":[{"count":0,"href":"https:\/\/cdnoticias.com\/index.php\/wp-json\/wp\/v2\/posts\/122355\/revisions"}],"wp:featuredmedia":[{"embeddable":true,"href":"https:\/\/cdnoticias.com\/index.php\/wp-json\/wp\/v2\/media\/122349"}],"wp:attachment":[{"href":"https:\/\/cdnoticias.com\/index.php\/wp-json\/wp\/v2\/media?parent=122355"}],"wp:term":[{"taxonomy":"category","embeddable":true,"href":"https:\/\/cdnoticias.com\/index.php\/wp-json\/wp\/v2\/categories?post=122355"},{"taxonomy":"post_tag","embeddable":true,"href":"https:\/\/cdnoticias.com\/index.php\/wp-json\/wp\/v2\/tags?post=122355"}],"curies":[{"name":"wp","href":"https:\/\/api.w.org\/{rel}","templated":true}]}}