{"id":122345,"date":"2024-08-07T17:17:10","date_gmt":"2024-08-07T20:17:10","guid":{"rendered":"https:\/\/cdnoticias.com\/?p=122345"},"modified":"2024-08-07T17:17:12","modified_gmt":"2024-08-07T20:17:12","slug":"alerta-naranja-por-bomba-meteorologica-de-viento-y-lluvia-para-la-costa-bonaerense","status":"publish","type":"post","link":"https:\/\/cdnoticias.com\/index.php\/2024\/08\/07\/alerta-naranja-por-bomba-meteorologica-de-viento-y-lluvia-para-la-costa-bonaerense\/","title":{"rendered":"Alerta naranja por \u201cbomba meteorol\u00f3gica\u201d de viento y lluvia para la costa bonaerense"},"content":{"rendered":"\n<p>Se trata de un fen\u00f3meno conocido como &#8220;ciclog\u00e9nesis&#8221;. Fuertes r\u00e1fagas golpear\u00e1n el sur de la provincia y afectar\u00e1n el centro.<\/p>\n\n\n\n<hr class=\"wp-block-separator has-alpha-channel-opacity\"\/>\n\n\n\n<p>El <strong>Servicio Meteorol\u00f3gico Nacional (SMN)<\/strong> emiti\u00f3 una alerta naranja para este mi\u00e9rcoles por los <strong>fuertes vientos que llegar\u00e1n a la franja costera de la provincia de Buenos Aires<\/strong>, para donde se espera un potente <strong>\u201cciclog\u00e9nesis\u201d.<\/strong><\/p>\n\n\n\n<p><\/p>\n\n\n\n<p>Se trata de un fen\u00f3meno conocido tambi\u00e9n como <strong>\u201cbomba meteorol\u00f3gica\u201d,<\/strong> y que afectar\u00e1 el sur de la provincia, donde el SMN emiti\u00f3 alerta naranja por los <strong>fuertes vientos del sur, con velocidades entre 45 y 65 km\/h y r\u00e1fagas que pueden superar los 90 km\/h.<\/strong> El punto m\u00e1s fuerte ser\u00e1 la zona de Lober\u00eda, Necochea, San Cayetano y Tres Arroyos, donde habr\u00e1 precipitaciones de entre 30 y 40mm.<\/p>\n\n\n\n<p><\/p>\n\n\n\n<p><strong>El resto del sur bonaerense<\/strong>, desde la costa atl\u00e1ntica hasta la parte este de R\u00edo Negro, tambi\u00e9n se ver\u00e1 afectado por los fuertes vientos. Es que el SMN emiti\u00f3 all\u00ed una<strong> alerta amarilla, donde los vientos son de entre 30 y 45 km\/h y r\u00e1fagas que pueden superar los 65 km\/h.<\/strong><\/p>\n\n\n\n<p><\/p>\n\n\n\n<p>Este fen\u00f3meno, conocido como Ciclog\u00e9nesis, <strong>se da con la aparici\u00f3n de un cicl\u00f3n, sistemas de bajas presiones donde el viento gira como las agujas del reloj en el Hemisferio Sur. <\/strong>En principio, implica un progresivo pero <strong>fuerte desmejoramiento de las condiciones meteorol\u00f3gicas en el centro y noreste del pa\u00eds.<\/strong><\/p>\n\n\n\n<p><\/p>\n\n\n\n<p>En lo que respecta a <strong>Olavarr\u00eda<\/strong>, se emiti\u00f3 una <a href=\"https:\/\/cdnoticias.com\/index.php\/2024\/08\/07\/lanzan-una-alerta-amarilla-por-vientos-en-olavarria\/\" data-type=\"link\" data-id=\"https:\/\/cdnoticias.com\/index.php\/2024\/08\/07\/lanzan-una-alerta-amarilla-por-vientos-en-olavarria\/\">alerta amarilla por vientos.<\/a> Seg\u00fan indic\u00f3 el organismo, el \u00e1rea ser\u00e1 afectada por vientos \u201cdel sur o sudoeste, con velocidades entre 30 y 45 km\/h y r\u00e1fagas que pueden superar los 65 km\/h\u201d.<\/p>\n\n\n\n<p><\/p>\n\n\n\n<p><em>Con informaci\u00f3n de DIB.<\/em><\/p>\n\n\n\n<p><\/p>\n\n\n\n<figure class=\"wp-block-embed is-type-wp-embed is-provider-central-de-noticias-olavarr-a wp-block-embed-central-de-noticias-olavarr-a\"><div class=\"wp-block-embed__wrapper\">\n<blockquote class=\"wp-embedded-content\" data-secret=\"L6fJLfOAcc\"><a href=\"https:\/\/cdnoticias.com\/index.php\/2024\/08\/07\/lanzan-una-alerta-amarilla-por-vientos-en-olavarria\/\">Lanzan una alerta amarilla por vientos en Olavarr\u00eda<\/a><\/blockquote><iframe loading=\"lazy\" class=\"wp-embedded-content\" sandbox=\"allow-scripts\" security=\"restricted\" style=\"position: absolute; visibility: hidden;\" title=\"&#8220;Lanzan una alerta amarilla por vientos en Olavarr\u00eda&#8221; &#8212; Central de Noticias | Olavarr\u00eda\" src=\"https:\/\/cdnoticias.com\/index.php\/2024\/08\/07\/lanzan-una-alerta-amarilla-por-vientos-en-olavarria\/embed\/#?secret=Fdx5bZ9pm0#?secret=L6fJLfOAcc\" data-secret=\"L6fJLfOAcc\" width=\"600\" height=\"338\" frameborder=\"0\" marginwidth=\"0\" marginheight=\"0\" scrolling=\"no\"><\/iframe>\n<\/div><\/figure>\n\n\n\n<p><\/p>\n\n\n\n<p><\/p>\n","protected":false},"excerpt":{"rendered":"<p>Se trata de un fen\u00f3meno conocido como &#8220;ciclog\u00e9nesis&#8221;. Fuertes r\u00e1fagas golpear\u00e1n el sur de la provincia y afectar\u00e1n el centro.<\/p>\n","protected":false},"author":2,"featured_media":122346,"comment_status":"closed","ping_status":"closed","sticky":false,"template":"","format":"standard","meta":{"_jetpack_memberships_contains_paid_content":false,"footnotes":""},"categories":[6,1],"tags":[],"class_list":["post-122345","post","type-post","status-publish","format-standard","has-post-thumbnail","hentry","category-nacionales","category-portada"],"jetpack_featured_media_url":"https:\/\/i0.wp.com\/cdnoticias.com\/wp-content\/uploads\/2024\/08\/tormenta.jpg?fit=800%2C445&ssl=1","jetpack_sharing_enabled":true,"_links":{"self":[{"href":"https:\/\/cdnoticias.com\/index.php\/wp-json\/wp\/v2\/posts\/122345","targetHints":{"allow":["GET"]}}],"collection":[{"href":"https:\/\/cdnoticias.com\/index.php\/wp-json\/wp\/v2\/posts"}],"about":[{"href":"https:\/\/cdnoticias.com\/index.php\/wp-json\/wp\/v2\/types\/post"}],"author":[{"embeddable":true,"href":"https:\/\/cdnoticias.com\/index.php\/wp-json\/wp\/v2\/users\/2"}],"replies":[{"embeddable":true,"href":"https:\/\/cdnoticias.com\/index.php\/wp-json\/wp\/v2\/comments?post=122345"}],"version-history":[{"count":0,"href":"https:\/\/cdnoticias.com\/index.php\/wp-json\/wp\/v2\/posts\/122345\/revisions"}],"wp:featuredmedia":[{"embeddable":true,"href":"https:\/\/cdnoticias.com\/index.php\/wp-json\/wp\/v2\/media\/122346"}],"wp:attachment":[{"href":"https:\/\/cdnoticias.com\/index.php\/wp-json\/wp\/v2\/media?parent=122345"}],"wp:term":[{"taxonomy":"category","embeddable":true,"href":"https:\/\/cdnoticias.com\/index.php\/wp-json\/wp\/v2\/categories?post=122345"},{"taxonomy":"post_tag","embeddable":true,"href":"https:\/\/cdnoticias.com\/index.php\/wp-json\/wp\/v2\/tags?post=122345"}],"curies":[{"name":"wp","href":"https:\/\/api.w.org\/{rel}","templated":true}]}}