{"id":122337,"date":"2024-08-07T11:05:53","date_gmt":"2024-08-07T14:05:53","guid":{"rendered":"https:\/\/cdnoticias.com\/?p=122337"},"modified":"2024-08-07T12:08:23","modified_gmt":"2024-08-07T15:08:23","slug":"detenido-por-numerosos-hechos-de-violencia-de-genero-2","status":"publish","type":"post","link":"https:\/\/cdnoticias.com\/index.php\/2024\/08\/07\/detenido-por-numerosos-hechos-de-violencia-de-genero-2\/","title":{"rendered":"Detenido por numerosos hechos de violencia de g\u00e9nero"},"content":{"rendered":"<p>La medida fue pedida por la UFI 5. Personal de las Comisar\u00edas Segunda y de la Mujer detuvo al imputado, de 27 a\u00f1os, en barrio 10 de Junio, cerca de su vivienda.<!--more--><\/p>\n<hr \/>\n<p>Este martes <strong>qued\u00f3 detenido en Olavarr\u00eda<\/strong> un<strong> hombre de 27 a\u00f1os<\/strong> imputado por <strong>numerosos delitos enmarcados en violencia familiar y de g\u00e9nero<\/strong>.<\/p>\n<p>Personal de las<strong> Comisar\u00edas Segunda y de la Mujer<\/strong> concretaron la<strong> detenci\u00f3n del imputado en el barrio 10 de Junio<\/strong> de nuestra ciudad.<\/p>\n<p>Se inform\u00f3 que en una actuaci\u00f3n conjunta de ambas dependencias policiales <strong>dieron con el hombre en Amparo Castro al 1300, en inmediaciones de su domicilio<\/strong>.<\/p>\n<p>La detenci\u00f3n hab\u00eda sido<strong> solicitada por la fiscal Mariela Viceconte, titular de la UFI N\u00ba 5<\/strong> local, y fue <strong>otorgada por el Juzgado de Garant\u00edas N\u00ba 1<\/strong> que encabeza la jueza Fabiana San Rom\u00e1n.<\/p>\n<blockquote><p>La acusaci\u00f3n es por \u201clesiones leves doblemente agravadas \u2013 dos hechos -, amenazas simples \u2013 dos hechos -, amenazas agravadas en concurso real y en contexto de violencia de g\u00e9nero y familiar\u201d.<\/p><\/blockquote>\n","protected":false},"excerpt":{"rendered":"<p>La medida fue pedida por la UFI 5. Personal de las Comisar\u00edas Segunda y de la Mujer detuvo al imputado,<\/p>\n","protected":false},"author":4,"featured_media":122338,"comment_status":"closed","ping_status":"closed","sticky":false,"template":"","format":"standard","meta":{"_jetpack_memberships_contains_paid_content":false,"footnotes":""},"categories":[14,1],"tags":[],"class_list":["post-122337","post","type-post","status-publish","format-standard","has-post-thumbnail","hentry","category-policiales","category-portada"],"jetpack_featured_media_url":"https:\/\/i0.wp.com\/cdnoticias.com\/wp-content\/uploads\/2024\/08\/Amparo-Castro-1300-violencia-de-genero-00.jpg?fit=1000%2C556&ssl=1","jetpack_sharing_enabled":true,"_links":{"self":[{"href":"https:\/\/cdnoticias.com\/index.php\/wp-json\/wp\/v2\/posts\/122337","targetHints":{"allow":["GET"]}}],"collection":[{"href":"https:\/\/cdnoticias.com\/index.php\/wp-json\/wp\/v2\/posts"}],"about":[{"href":"https:\/\/cdnoticias.com\/index.php\/wp-json\/wp\/v2\/types\/post"}],"author":[{"embeddable":true,"href":"https:\/\/cdnoticias.com\/index.php\/wp-json\/wp\/v2\/users\/4"}],"replies":[{"embeddable":true,"href":"https:\/\/cdnoticias.com\/index.php\/wp-json\/wp\/v2\/comments?post=122337"}],"version-history":[{"count":0,"href":"https:\/\/cdnoticias.com\/index.php\/wp-json\/wp\/v2\/posts\/122337\/revisions"}],"wp:featuredmedia":[{"embeddable":true,"href":"https:\/\/cdnoticias.com\/index.php\/wp-json\/wp\/v2\/media\/122338"}],"wp:attachment":[{"href":"https:\/\/cdnoticias.com\/index.php\/wp-json\/wp\/v2\/media?parent=122337"}],"wp:term":[{"taxonomy":"category","embeddable":true,"href":"https:\/\/cdnoticias.com\/index.php\/wp-json\/wp\/v2\/categories?post=122337"},{"taxonomy":"post_tag","embeddable":true,"href":"https:\/\/cdnoticias.com\/index.php\/wp-json\/wp\/v2\/tags?post=122337"}],"curies":[{"name":"wp","href":"https:\/\/api.w.org\/{rel}","templated":true}]}}