{"id":122335,"date":"2024-08-07T08:24:45","date_gmt":"2024-08-07T11:24:45","guid":{"rendered":"https:\/\/cdnoticias.com\/?p=122335"},"modified":"2024-08-07T09:08:53","modified_gmt":"2024-08-07T12:08:53","slug":"la-uta-levanto-el-paro-el-transporte-publico-funciona-normalmente","status":"publish","type":"post","link":"https:\/\/cdnoticias.com\/index.php\/2024\/08\/07\/la-uta-levanto-el-paro-el-transporte-publico-funciona-normalmente\/","title":{"rendered":"La UTA levant\u00f3 el paro: el transporte p\u00fablico funciona normalmente"},"content":{"rendered":"<p>En la noche del martes se inform\u00f3 que se hab\u00eda alcanzado un acuerdo en las negociaciones. \u201cSe lleg\u00f3 al acuerdo paritario bajo las mismas condiciones que AMBA\u201d inform\u00f3 el sindicato.<!--more--><\/p>\n<hr \/>\n<p>La <strong>UTA levant\u00f3 la medida de fuerza<\/strong><a href=\"https:\/\/cdnoticias.com\/index.php\/2024\/08\/06\/colectivos-paro-de-24-horas-afectara-el-servicio-de-transporte-urbano-e-interurbano\/\" target=\"_blank\" rel=\"noopener\"> prevista para este mi\u00e9rcoles<\/a> y el <strong>transporte p\u00fablico funciona normalmente en Olavarr\u00eda<\/strong>.<\/p>\n<p><strong>En la noche del martes se inform\u00f3 que se hab\u00eda alcanzado un acuerdo<\/strong> en las negociaciones por aumento salarial por lo que la convocatoria al paro quedaba sin efecto.<\/p>\n<blockquote><p>\u201cSe lleg\u00f3 al acuerdo paritario bajo las mismas condiciones que AMBA\u201d se inform\u00f3 desde la seccional Mar del Plata del sindicato.<\/p><\/blockquote>\n<p>Se indic\u00f3 que el viernes se firmar\u00e1 el acuerdo y por ello <strong>se levant\u00f3 la \u201cretenci\u00f3n de tareas\u201d programada \u201cpermitiendo la normal circulaci\u00f3n del transporte\u201d<\/strong>.<\/p>\n","protected":false},"excerpt":{"rendered":"<p>En la noche del martes se inform\u00f3 que se hab\u00eda alcanzado un acuerdo en las negociaciones. \u201cSe lleg\u00f3 al acuerdo<\/p>\n","protected":false},"author":4,"featured_media":67720,"comment_status":"closed","ping_status":"closed","sticky":false,"template":"","format":"standard","meta":{"_jetpack_memberships_contains_paid_content":false,"footnotes":""},"categories":[5,1],"tags":[],"class_list":["post-122335","post","type-post","status-publish","format-standard","has-post-thumbnail","hentry","category-informacion-general","category-portada"],"jetpack_featured_media_url":"https:\/\/i0.wp.com\/cdnoticias.com\/wp-content\/uploads\/2022\/10\/colectivo-tu-bus.jpg?fit=800%2C445&ssl=1","jetpack_sharing_enabled":true,"_links":{"self":[{"href":"https:\/\/cdnoticias.com\/index.php\/wp-json\/wp\/v2\/posts\/122335","targetHints":{"allow":["GET"]}}],"collection":[{"href":"https:\/\/cdnoticias.com\/index.php\/wp-json\/wp\/v2\/posts"}],"about":[{"href":"https:\/\/cdnoticias.com\/index.php\/wp-json\/wp\/v2\/types\/post"}],"author":[{"embeddable":true,"href":"https:\/\/cdnoticias.com\/index.php\/wp-json\/wp\/v2\/users\/4"}],"replies":[{"embeddable":true,"href":"https:\/\/cdnoticias.com\/index.php\/wp-json\/wp\/v2\/comments?post=122335"}],"version-history":[{"count":0,"href":"https:\/\/cdnoticias.com\/index.php\/wp-json\/wp\/v2\/posts\/122335\/revisions"}],"wp:featuredmedia":[{"embeddable":true,"href":"https:\/\/cdnoticias.com\/index.php\/wp-json\/wp\/v2\/media\/67720"}],"wp:attachment":[{"href":"https:\/\/cdnoticias.com\/index.php\/wp-json\/wp\/v2\/media?parent=122335"}],"wp:term":[{"taxonomy":"category","embeddable":true,"href":"https:\/\/cdnoticias.com\/index.php\/wp-json\/wp\/v2\/categories?post=122335"},{"taxonomy":"post_tag","embeddable":true,"href":"https:\/\/cdnoticias.com\/index.php\/wp-json\/wp\/v2\/tags?post=122335"}],"curies":[{"name":"wp","href":"https:\/\/api.w.org\/{rel}","templated":true}]}}