{"id":122328,"date":"2024-08-07T07:56:28","date_gmt":"2024-08-07T10:56:28","guid":{"rendered":"https:\/\/cdnoticias.com\/?p=122328"},"modified":"2024-08-07T07:56:29","modified_gmt":"2024-08-07T10:56:29","slug":"ricardo-ismael-garcia-q-e-p-d","status":"publish","type":"post","link":"https:\/\/cdnoticias.com\/index.php\/2024\/08\/07\/ricardo-ismael-garcia-q-e-p-d\/","title":{"rendered":"Ricardo Ismael Garc\u00eda (Q.E.P.D.)"},"content":{"rendered":"<p>Falleci\u00f3 en Olavarr\u00eda el d\u00eda 7 de agosto de 2024 a los 61 a\u00f1os de edad.<\/p>\n<p>Sus hermanos Roberto, Gustavo y Marcelo Garc\u00eda. Su hermana pol\u00edtica Graciela Salinardi. Sus sobrinos Bruno y Thiago Garc\u00eda. Su sobrino nieto Benjam\u00edn Garc\u00eda. Sus t\u00edos. Sus primos y dem\u00e1s deudos participan su fallecimiento.<\/p>\n<p>Velatorio: Espa\u00f1a 2942 departamento &#8220;C&#8221;. El velatorio comienza a las 8:00 horas. Responso: Capilla Ardiente. Inhumaci\u00f3n: Cementerio Loma de Paz, mi\u00e9rcoles 7 de agosto a las 14:30 horas. Servicio adherido a Coopelectric.<\/p>\n<p>Vecino de Villa Alfredo Fortabat.<\/p>\n<p>Nacido en Olavarr\u00eda.<\/p>\n<p>Actividad que desarrollaba: Jubilado y Pensionado.<\/p>\n","protected":false},"excerpt":{"rendered":"<p>Falleci\u00f3 en Olavarr\u00eda el d\u00eda 7 de agosto de 2024 a los 61 a\u00f1os de edad. Sus hermanos Roberto, Gustavo<\/p>\n","protected":false},"author":4,"featured_media":51544,"comment_status":"closed","ping_status":"closed","sticky":false,"template":"","format":"standard","meta":{"_jetpack_memberships_contains_paid_content":false,"footnotes":""},"categories":[10],"tags":[],"class_list":["post-122328","post","type-post","status-publish","format-standard","has-post-thumbnail","hentry","category-necrologicas"],"jetpack_featured_media_url":"https:\/\/i0.wp.com\/cdnoticias.com\/wp-content\/uploads\/2022\/04\/necrologicas-390-x-240.jpg?fit=390%2C240&ssl=1","jetpack_sharing_enabled":true,"_links":{"self":[{"href":"https:\/\/cdnoticias.com\/index.php\/wp-json\/wp\/v2\/posts\/122328","targetHints":{"allow":["GET"]}}],"collection":[{"href":"https:\/\/cdnoticias.com\/index.php\/wp-json\/wp\/v2\/posts"}],"about":[{"href":"https:\/\/cdnoticias.com\/index.php\/wp-json\/wp\/v2\/types\/post"}],"author":[{"embeddable":true,"href":"https:\/\/cdnoticias.com\/index.php\/wp-json\/wp\/v2\/users\/4"}],"replies":[{"embeddable":true,"href":"https:\/\/cdnoticias.com\/index.php\/wp-json\/wp\/v2\/comments?post=122328"}],"version-history":[{"count":0,"href":"https:\/\/cdnoticias.com\/index.php\/wp-json\/wp\/v2\/posts\/122328\/revisions"}],"wp:featuredmedia":[{"embeddable":true,"href":"https:\/\/cdnoticias.com\/index.php\/wp-json\/wp\/v2\/media\/51544"}],"wp:attachment":[{"href":"https:\/\/cdnoticias.com\/index.php\/wp-json\/wp\/v2\/media?parent=122328"}],"wp:term":[{"taxonomy":"category","embeddable":true,"href":"https:\/\/cdnoticias.com\/index.php\/wp-json\/wp\/v2\/categories?post=122328"},{"taxonomy":"post_tag","embeddable":true,"href":"https:\/\/cdnoticias.com\/index.php\/wp-json\/wp\/v2\/tags?post=122328"}],"curies":[{"name":"wp","href":"https:\/\/api.w.org\/{rel}","templated":true}]}}