{"id":122326,"date":"2024-08-07T07:51:52","date_gmt":"2024-08-07T10:51:52","guid":{"rendered":"https:\/\/cdnoticias.com\/?p=122326"},"modified":"2024-08-07T07:51:54","modified_gmt":"2024-08-07T10:51:54","slug":"ruben-dario-hamse-turco-q-e-p-d","status":"publish","type":"post","link":"https:\/\/cdnoticias.com\/index.php\/2024\/08\/07\/ruben-dario-hamse-turco-q-e-p-d\/","title":{"rendered":"Rub\u00e9n Dar\u00edo Hamse &#8220;Turco&#8221; (Q.E.P.D.)"},"content":{"rendered":"<p>Falleci\u00f3 en Olavarr\u00eda el d\u00eda 7 de agosto de 2024 a los 63 a\u00f1os de edad.<\/p>\n<p>Su esposa: Nora Santell\u00e1n. Sus hijos: Yamila Salom\u00e9, Rub\u00e9n Dar\u00edo y Bruno Ezequiel Hamse. Sus hijos del coraz\u00f3n: Norma Moyano y Juan Conte. Sus hijos pol\u00edticos: Maximiliano Gonz\u00e1lez, Ayel\u00e9n Ferreyra y Antonella Lagos. Sus nietos: Valentino y Salvador Gonz\u00e1lez; Gino Hamse; Sol, Facundo y Santino Moyano; Emma Ferreyra; Yohana Conte. Su hermana: Liliana Hamse y dem\u00e1s deudos participan su fallecimiento. <\/p>\n<p>Velatorio: Espa\u00f1a 2942 departamento &#8220;B&#8221;, comienza 13hs. Responso: Capilla Ardiente. Cremaci\u00f3n: Crematorio Pinos de Paz, en d\u00eda a confirmar. Servicio adherido a Coopelectric.<\/p>\n<p>Barrio en el que viv\u00eda: Hip\u00f3lito Irigoyen.<\/p>\n<p>Lugar de nacimiento: Olavarr\u00eda.<\/p>\n<p>Actividad que desarrollaba: Pensionado.<\/p>\n","protected":false},"excerpt":{"rendered":"<p>Falleci\u00f3 en Olavarr\u00eda el d\u00eda 7 de agosto de 2024 a los 63 a\u00f1os de edad. Su esposa: Nora Santell\u00e1n.<\/p>\n","protected":false},"author":4,"featured_media":51544,"comment_status":"closed","ping_status":"closed","sticky":false,"template":"","format":"standard","meta":{"_jetpack_memberships_contains_paid_content":false,"footnotes":""},"categories":[10],"tags":[],"class_list":["post-122326","post","type-post","status-publish","format-standard","has-post-thumbnail","hentry","category-necrologicas"],"jetpack_featured_media_url":"https:\/\/i0.wp.com\/cdnoticias.com\/wp-content\/uploads\/2022\/04\/necrologicas-390-x-240.jpg?fit=390%2C240&ssl=1","jetpack_sharing_enabled":true,"_links":{"self":[{"href":"https:\/\/cdnoticias.com\/index.php\/wp-json\/wp\/v2\/posts\/122326","targetHints":{"allow":["GET"]}}],"collection":[{"href":"https:\/\/cdnoticias.com\/index.php\/wp-json\/wp\/v2\/posts"}],"about":[{"href":"https:\/\/cdnoticias.com\/index.php\/wp-json\/wp\/v2\/types\/post"}],"author":[{"embeddable":true,"href":"https:\/\/cdnoticias.com\/index.php\/wp-json\/wp\/v2\/users\/4"}],"replies":[{"embeddable":true,"href":"https:\/\/cdnoticias.com\/index.php\/wp-json\/wp\/v2\/comments?post=122326"}],"version-history":[{"count":0,"href":"https:\/\/cdnoticias.com\/index.php\/wp-json\/wp\/v2\/posts\/122326\/revisions"}],"wp:featuredmedia":[{"embeddable":true,"href":"https:\/\/cdnoticias.com\/index.php\/wp-json\/wp\/v2\/media\/51544"}],"wp:attachment":[{"href":"https:\/\/cdnoticias.com\/index.php\/wp-json\/wp\/v2\/media?parent=122326"}],"wp:term":[{"taxonomy":"category","embeddable":true,"href":"https:\/\/cdnoticias.com\/index.php\/wp-json\/wp\/v2\/categories?post=122326"},{"taxonomy":"post_tag","embeddable":true,"href":"https:\/\/cdnoticias.com\/index.php\/wp-json\/wp\/v2\/tags?post=122326"}],"curies":[{"name":"wp","href":"https:\/\/api.w.org\/{rel}","templated":true}]}}