{"id":122324,"date":"2024-08-06T21:37:23","date_gmt":"2024-08-07T00:37:23","guid":{"rendered":"https:\/\/cdnoticias.com\/?p=122324"},"modified":"2024-08-07T08:25:04","modified_gmt":"2024-08-07T11:25:04","slug":"universidades-profundizan-medidas-de-fuerza-y-esta-en-riesgo-el-segundo-cuatrimestre","status":"publish","type":"post","link":"https:\/\/cdnoticias.com\/index.php\/2024\/08\/06\/universidades-profundizan-medidas-de-fuerza-y-esta-en-riesgo-el-segundo-cuatrimestre\/","title":{"rendered":"Universidades profundizan medidas de fuerza y est\u00e1 en riesgo el segundo cuatrimestre"},"content":{"rendered":"\n<p>Conadu convoc\u00f3 a cinco d\u00edas de paro y visibilizaci\u00f3n de la protesta para las pr\u00f3ximas semanas.<\/p>\n\n\n\n<hr class=\"wp-block-separator aligncenter has-alpha-channel-opacity\"\/>\n\n\n\n<p>El <strong>Frente Sindical de Universidades Nacionales<\/strong> (Comadu) resolvi\u00f3 <strong>profundizar las medidas de fuerza<\/strong> ante la <strong>enorme crisis salarial <\/strong>que atraviesan los trabajadores del sector y convoc\u00f3 a <strong>72 horas de protesta con paros y actividades de visibilizaci\u00f3n los d\u00edas 12, 13 y 14 de agosto,<\/strong> <strong>m\u00e1s otras 48 horas de reclamo los d\u00edas 20 y 21.<\/strong><\/p>\n\n\n\n<p><\/p>\n\n\n\n<p>Adem\u00e1s, <strong>el d\u00eda 23 de agosto el frente gremial se reunir\u00e1 para evaluar la continuidad del plan de acci\u00f3n<\/strong>. \u201cConvocamos a trabajadoras y trabajadores de las Universidades Nacionales a trav\u00e9s de las propuestas que realicen las diferentes asociaciones de base, a sumarse a las jornadas de protesta. <strong>No hay universidad p\u00fablica de calidad, sin salarios dignos<\/strong>\u201d, indicaron.<\/p>\n\n\n\n<p><\/p>\n\n\n\n<blockquote class=\"wp-block-quote is-layout-flow wp-block-quote-is-layout-flow\">\n<p>El pasado 8 de julio, antes del receso de invierno, el frente gremial universitario se\u00f1al\u00f3 en otro comunicado que \u201cla crisis presupuestaria, que no podr\u00eda estar resuelta mientras no se solucione la cuesti\u00f3n salarial, y que se ha intentado ocultar para desmovilizar la protesta universitaria, sigue alimentando un problema que se profundizar\u00e1 en las pr\u00f3ximas semanas si el gobierno no incrementa efectiva y sustantivamente el cr\u00e9dito disponible, que desde diciembre a la fecha s\u00f3lo ha aumentado un 1,6%\u201d.<\/p>\n<\/blockquote>\n\n\n\n<p><\/p>\n\n\n\n<p>Por \u00faltimo, <strong>el sector apunt\u00f3 al gobierno nacional y al presidente, Javier Milei, <\/strong>por \u201cel avance del programa de desguace del Estado, desregulaci\u00f3n de la econom\u00eda y criminalizaci\u00f3n de la protesta\u201d, medidas que profundizan \u201cel <strong>desfinanciamiento de la universidad p\u00fablica y el empobrecimiento de sus trabajadoras y trabajadores docentes y no docentes<\/strong>\u201d, en el marco de \u201cla pol\u00edtica de saqueo y disciplinamiento social\u201d.<\/p>\n\n\n\n<p><\/p>\n\n\n\n<p><em>Fuente: DIB<\/em><\/p>\n","protected":false},"excerpt":{"rendered":"<p>Conadu convoc\u00f3 a cinco d\u00edas de paro y visibilizaci\u00f3n de la protesta para las pr\u00f3ximas semanas. El Frente Sindical de<\/p>\n","protected":false},"author":6,"featured_media":114437,"comment_status":"closed","ping_status":"closed","sticky":false,"template":"","format":"standard","meta":{"_jetpack_memberships_contains_paid_content":false,"footnotes":""},"categories":[5,1],"tags":[],"class_list":["post-122324","post","type-post","status-publish","format-standard","has-post-thumbnail","hentry","category-informacion-general","category-portada"],"jetpack_featured_media_url":"https:\/\/i0.wp.com\/cdnoticias.com\/wp-content\/uploads\/2024\/04\/MarchaUniversidadOlavarria-55.jpg?fit=1024%2C680&ssl=1","jetpack_sharing_enabled":true,"_links":{"self":[{"href":"https:\/\/cdnoticias.com\/index.php\/wp-json\/wp\/v2\/posts\/122324","targetHints":{"allow":["GET"]}}],"collection":[{"href":"https:\/\/cdnoticias.com\/index.php\/wp-json\/wp\/v2\/posts"}],"about":[{"href":"https:\/\/cdnoticias.com\/index.php\/wp-json\/wp\/v2\/types\/post"}],"author":[{"embeddable":true,"href":"https:\/\/cdnoticias.com\/index.php\/wp-json\/wp\/v2\/users\/6"}],"replies":[{"embeddable":true,"href":"https:\/\/cdnoticias.com\/index.php\/wp-json\/wp\/v2\/comments?post=122324"}],"version-history":[{"count":0,"href":"https:\/\/cdnoticias.com\/index.php\/wp-json\/wp\/v2\/posts\/122324\/revisions"}],"wp:featuredmedia":[{"embeddable":true,"href":"https:\/\/cdnoticias.com\/index.php\/wp-json\/wp\/v2\/media\/114437"}],"wp:attachment":[{"href":"https:\/\/cdnoticias.com\/index.php\/wp-json\/wp\/v2\/media?parent=122324"}],"wp:term":[{"taxonomy":"category","embeddable":true,"href":"https:\/\/cdnoticias.com\/index.php\/wp-json\/wp\/v2\/categories?post=122324"},{"taxonomy":"post_tag","embeddable":true,"href":"https:\/\/cdnoticias.com\/index.php\/wp-json\/wp\/v2\/tags?post=122324"}],"curies":[{"name":"wp","href":"https:\/\/api.w.org\/{rel}","templated":true}]}}