{"id":122321,"date":"2024-08-09T08:13:30","date_gmt":"2024-08-09T11:13:30","guid":{"rendered":"https:\/\/cdnoticias.com\/?p=122321"},"modified":"2024-08-09T08:17:31","modified_gmt":"2024-08-09T11:17:31","slug":"feria-de-artesanos-y-emprendedores-a-beneficio-de-la-escuela-secundaria-n1","status":"publish","type":"post","link":"https:\/\/cdnoticias.com\/index.php\/2024\/08\/09\/feria-de-artesanos-y-emprendedores-a-beneficio-de-la-escuela-secundaria-n1\/","title":{"rendered":"Feria de Artesanos y Emprendedores a beneficio de la Escuela Secundaria N\u00b01"},"content":{"rendered":"\n<p>Ser\u00e1 este domingo a partir de las 14:30 horas. Habr\u00e1 m\u00e1s de 60 stands con gran variedad de opciones.<\/p>\n\n\n\n<hr class=\"wp-block-separator aligncenter has-alpha-channel-opacity\"\/>\n\n\n\n<p>Este domingo, se llevar\u00e1 a cabo una nueva <strong>Feria de Artesanos y Emprendedores<\/strong> a <strong>beneficio de la Asociaci\u00f3n Cooperadora de la Escuela Secundaria N\u00b01.<\/strong><\/p>\n\n\n\n<p><\/p>\n\n\n\n<blockquote class=\"wp-block-quote is-layout-flow wp-block-quote-is-layout-flow\">\n<p>Ser\u00e1 desde las 14.30 horas y hasta las 19:30 en Berutti 950 y habr\u00e1 m\u00e1s de 60 stands con variadas opciones.<\/p>\n<\/blockquote>\n\n\n\n<p><\/p>\n\n\n\n<p>Se podr\u00e1n encontrar carteras, bolsos y art\u00edculos de marroquiner\u00eda, jabones artesanales y naturales, esencias y perfuminas, ropa para adultos y ni\u00f1os, equipos materos, botellas, sahumerios, hornillos, plantas, suculentas, art\u00edculos de cosm\u00e9tica natural, bijouterie en Acero quir\u00fargico, alfajores artesanales y mucho m\u00e1s.<\/p>\n","protected":false},"excerpt":{"rendered":"<p>Ser\u00e1 este domingo a partir de las 14:30 horas. Habr\u00e1 m\u00e1s de 60 stands con gran variedad de opciones. Este<\/p>\n","protected":false},"author":6,"featured_media":122322,"comment_status":"closed","ping_status":"closed","sticky":false,"template":"","format":"standard","meta":{"_jetpack_memberships_contains_paid_content":false,"footnotes":""},"categories":[9,1],"tags":[],"class_list":["post-122321","post","type-post","status-publish","format-standard","has-post-thumbnail","hentry","category-cultura","category-portada"],"jetpack_featured_media_url":"https:\/\/i0.wp.com\/cdnoticias.com\/wp-content\/uploads\/2024\/08\/feriadeartesanos.jpg?fit=900%2C506&ssl=1","jetpack_sharing_enabled":true,"_links":{"self":[{"href":"https:\/\/cdnoticias.com\/index.php\/wp-json\/wp\/v2\/posts\/122321","targetHints":{"allow":["GET"]}}],"collection":[{"href":"https:\/\/cdnoticias.com\/index.php\/wp-json\/wp\/v2\/posts"}],"about":[{"href":"https:\/\/cdnoticias.com\/index.php\/wp-json\/wp\/v2\/types\/post"}],"author":[{"embeddable":true,"href":"https:\/\/cdnoticias.com\/index.php\/wp-json\/wp\/v2\/users\/6"}],"replies":[{"embeddable":true,"href":"https:\/\/cdnoticias.com\/index.php\/wp-json\/wp\/v2\/comments?post=122321"}],"version-history":[{"count":0,"href":"https:\/\/cdnoticias.com\/index.php\/wp-json\/wp\/v2\/posts\/122321\/revisions"}],"wp:featuredmedia":[{"embeddable":true,"href":"https:\/\/cdnoticias.com\/index.php\/wp-json\/wp\/v2\/media\/122322"}],"wp:attachment":[{"href":"https:\/\/cdnoticias.com\/index.php\/wp-json\/wp\/v2\/media?parent=122321"}],"wp:term":[{"taxonomy":"category","embeddable":true,"href":"https:\/\/cdnoticias.com\/index.php\/wp-json\/wp\/v2\/categories?post=122321"},{"taxonomy":"post_tag","embeddable":true,"href":"https:\/\/cdnoticias.com\/index.php\/wp-json\/wp\/v2\/tags?post=122321"}],"curies":[{"name":"wp","href":"https:\/\/api.w.org\/{rel}","templated":true}]}}