{"id":122318,"date":"2024-08-06T18:05:51","date_gmt":"2024-08-06T21:05:51","guid":{"rendered":"https:\/\/cdnoticias.com\/?p=122318"},"modified":"2024-08-06T18:05:53","modified_gmt":"2024-08-06T21:05:53","slug":"fabiola-yanez-denuncio-penalmente-a-alberto-fernandez-por-violencia-de-genero","status":"publish","type":"post","link":"https:\/\/cdnoticias.com\/index.php\/2024\/08\/06\/fabiola-yanez-denuncio-penalmente-a-alberto-fernandez-por-violencia-de-genero\/","title":{"rendered":"Fabiola Y\u00e1\u00f1ez denunci\u00f3 penalmente a Alberto Fern\u00e1ndez por violencia de g\u00e9nero"},"content":{"rendered":"\n<p>El juez Ercolini dispuso una serie de medidas restrictivas para proteger a la ex Primera Dama.<\/p>\n\n\n\n<hr class=\"wp-block-separator aligncenter has-alpha-channel-opacity\"\/>\n\n\n\n<p>El <strong>ex presidente Alberto Fern\u00e1ndez<\/strong> fue <strong>denunciado por violencia de g\u00e9nero <\/strong>por la <strong>ex Primera Dama, Fabiola Y\u00e1\u00f1ez<\/strong> y ahora llega a la justicia.<\/p>\n\n\n\n<p><\/p>\n\n\n\n<p>Y\u00e1\u00f1ez hizo oficial la presentaci\u00f3n de la denuncia ante la justicia en una presentaci\u00f3n por Zoom ante el <strong>juez Juli\u00e1n Ercolini.<\/strong><\/p>\n\n\n\n<p><\/p>\n\n\n\n<p>Ante la denuncia de Ya\u00f1ez, <strong>Ercolini orden\u00f3 de inmediato medidas de \u201crestricci\u00f3n y protecci\u00f3n\u201d en favor de ella<\/strong> para que los presuntos hechos a los que aludi\u00f3 no se reiteren. Las medidas, de car\u00e1cter urgente, se tomaron para que <strong>el ex presidente no se acerque a ella.<\/strong><\/p>\n\n\n\n<p><\/p>\n\n\n\n<p>Este martes fue la segunda audiencia de Ya\u00f1ez con el juez, que la hab\u00eda contactado en junio pasado, despu\u00e9s de encontrar en los chats de la ex secretaria privada de Fern\u00e1ndez, Mar\u00eda Cantero, <strong>mensajes de Ya\u00f1ez que alud\u00edan a hechos de violencia f\u00edsica.<\/strong><\/p>\n\n\n\n<p><\/p>\n\n\n\n<p><em>Fuente: DIB<\/em><\/p>\n","protected":false},"excerpt":{"rendered":"<p>El juez Ercolini dispuso una serie de medidas restrictivas para proteger a la ex Primera Dama. El ex presidente Alberto<\/p>\n","protected":false},"author":6,"featured_media":122319,"comment_status":"closed","ping_status":"closed","sticky":false,"template":"","format":"standard","meta":{"_jetpack_memberships_contains_paid_content":false,"footnotes":""},"categories":[6,1],"tags":[],"class_list":["post-122318","post","type-post","status-publish","format-standard","has-post-thumbnail","hentry","category-nacionales","category-portada"],"jetpack_featured_media_url":"https:\/\/i0.wp.com\/cdnoticias.com\/wp-content\/uploads\/2024\/08\/albertofernandezdenunciaviolenciadegenero.png?fit=888%2C514&ssl=1","jetpack_sharing_enabled":true,"_links":{"self":[{"href":"https:\/\/cdnoticias.com\/index.php\/wp-json\/wp\/v2\/posts\/122318","targetHints":{"allow":["GET"]}}],"collection":[{"href":"https:\/\/cdnoticias.com\/index.php\/wp-json\/wp\/v2\/posts"}],"about":[{"href":"https:\/\/cdnoticias.com\/index.php\/wp-json\/wp\/v2\/types\/post"}],"author":[{"embeddable":true,"href":"https:\/\/cdnoticias.com\/index.php\/wp-json\/wp\/v2\/users\/6"}],"replies":[{"embeddable":true,"href":"https:\/\/cdnoticias.com\/index.php\/wp-json\/wp\/v2\/comments?post=122318"}],"version-history":[{"count":0,"href":"https:\/\/cdnoticias.com\/index.php\/wp-json\/wp\/v2\/posts\/122318\/revisions"}],"wp:featuredmedia":[{"embeddable":true,"href":"https:\/\/cdnoticias.com\/index.php\/wp-json\/wp\/v2\/media\/122319"}],"wp:attachment":[{"href":"https:\/\/cdnoticias.com\/index.php\/wp-json\/wp\/v2\/media?parent=122318"}],"wp:term":[{"taxonomy":"category","embeddable":true,"href":"https:\/\/cdnoticias.com\/index.php\/wp-json\/wp\/v2\/categories?post=122318"},{"taxonomy":"post_tag","embeddable":true,"href":"https:\/\/cdnoticias.com\/index.php\/wp-json\/wp\/v2\/tags?post=122318"}],"curies":[{"name":"wp","href":"https:\/\/api.w.org\/{rel}","templated":true}]}}