{"id":122287,"date":"2024-08-06T19:30:12","date_gmt":"2024-08-06T22:30:12","guid":{"rendered":"https:\/\/cdnoticias.com\/?p=122287"},"modified":"2024-08-06T19:30:14","modified_gmt":"2024-08-06T22:30:14","slug":"concejales-pro-erf-piden-atencion-prioritaria-a-quienes-presenten-el-cud-en-guardia-de-pediatria","status":"publish","type":"post","link":"https:\/\/cdnoticias.com\/index.php\/2024\/08\/06\/concejales-pro-erf-piden-atencion-prioritaria-a-quienes-presenten-el-cud-en-guardia-de-pediatria\/","title":{"rendered":"Concejales PRO-ERF piden atenci\u00f3n prioritaria a quienes presenten el CUD en guardia de Pediatr\u00eda"},"content":{"rendered":"<p>Plantearon el tema en un proyecto que esperan sea tratado en la pr\u00f3xima sesi\u00f3n del Honorable Concejo Deliberante.<!--more--><\/p>\n<hr \/>\n<p>En la ma\u00f1ana de este lunes, <strong>concejales del Bloque PRO-ERF presentaron un proyecto de resoluci\u00f3n<\/strong> en el que solicitaron al Departamento Ejecutivo la <strong>atenci\u00f3n temprana y prioritaria en el Servicio de Pediatr\u00eda del Hospital Municipal \u201cDr. H\u00e9ctor M. Cura\u201d, para ni\u00f1os\/as que presenten el CUD<\/strong>.<\/p>\n<blockquote><p>Argumentaron el proyecto en \u201cla necesidad temprana de atenci\u00f3n en guardia para ni\u00f1os\/as con hipersensibilidad auditiva y alguna condici\u00f3n del neurodesarrollo\u201d.<\/p><\/blockquote>\n<p>\u201cEn la s\u00e9ptima sesi\u00f3n ordinaria presentamos un<strong> pedido de informes sobre el nuevo sistema de triage<\/strong> en la atenci\u00f3n de la guardia de pediatr\u00eda. <strong>Dentro de la respuesta nos se\u00f1alaron que las modificaciones se adaptan seg\u00fan la condici\u00f3n, situaci\u00f3n y momento<\/strong>; y que la atenci\u00f3n se modifica seg\u00fan la \u00e9poca del a\u00f1o y la condici\u00f3n en que se est\u00e9 con cada patolog\u00eda\u201d, se\u00f1alaron los concejales.<\/p>\n<p><img data-recalc-dims=\"1\" loading=\"lazy\" decoding=\"async\" class=\"aligncenter wp-image-122289\" src=\"https:\/\/i0.wp.com\/cdnoticias.com\/wp-content\/uploads\/2024\/08\/HCD-pro-CUD-en-pediatria.jpeg?resize=500%2C470&#038;ssl=1\" alt=\"\" width=\"500\" height=\"470\" srcset=\"https:\/\/i0.wp.com\/cdnoticias.com\/wp-content\/uploads\/2024\/08\/HCD-pro-CUD-en-pediatria.jpeg?resize=1024%2C962&amp;ssl=1 1024w, https:\/\/i0.wp.com\/cdnoticias.com\/wp-content\/uploads\/2024\/08\/HCD-pro-CUD-en-pediatria.jpeg?resize=300%2C282&amp;ssl=1 300w, https:\/\/i0.wp.com\/cdnoticias.com\/wp-content\/uploads\/2024\/08\/HCD-pro-CUD-en-pediatria.jpeg?resize=768%2C721&amp;ssl=1 768w, https:\/\/i0.wp.com\/cdnoticias.com\/wp-content\/uploads\/2024\/08\/HCD-pro-CUD-en-pediatria.jpeg?resize=1536%2C1443&amp;ssl=1 1536w, https:\/\/i0.wp.com\/cdnoticias.com\/wp-content\/uploads\/2024\/08\/HCD-pro-CUD-en-pediatria.jpeg?w=1600&amp;ssl=1 1600w\" sizes=\"auto, (max-width: 500px) 100vw, 500px\" \/><\/p>\n<p>En este sentido indicaron que \u201cteniendo en cuenta esta forma de organizaci\u00f3n,<strong> no podemos desconocer lo que significan las largas horas de espera y el bullicio para los ni\u00f1os\/as con alguna condici\u00f3n de neurodesarrollo (TEA, TDAH, entre otras)\u201d<\/strong>.<\/p>\n<p><em>\u201cLa hiperacusia es un s\u00edndrome que se caracteriza por una hipersensibilidad auditiva<\/em>, creando intolerancia a la mayor\u00eda de los sonidos cotidianos que rodean a una persona. La hiperactividad en ni\u00f1os diagnosticados tambi\u00e9n conlleva a una crisis en tiempos de mucha espera\u201d agregaron.<\/p>\n<blockquote><p>Finalmente se\u00f1alaron que \u201cno podemos desconocer como Estado que en nuestra ciudad son cientos de ni\u00f1os\/as los que conviven con esta condici\u00f3n. Es por eso la importancia de implementar procedimientos para una r\u00e1pida atenci\u00f3n\u201d.<\/p><\/blockquote>\n","protected":false},"excerpt":{"rendered":"<p>Plantearon el tema en un proyecto que esperan sea tratado en la pr\u00f3xima sesi\u00f3n del Honorable Concejo Deliberante.<\/p>\n","protected":false},"author":4,"featured_media":118196,"comment_status":"closed","ping_status":"closed","sticky":false,"template":"","format":"standard","meta":{"_jetpack_memberships_contains_paid_content":false,"footnotes":""},"categories":[4,1],"tags":[],"class_list":["post-122287","post","type-post","status-publish","format-standard","has-post-thumbnail","hentry","category-politica","category-portada"],"jetpack_featured_media_url":"https:\/\/i0.wp.com\/cdnoticias.com\/wp-content\/uploads\/2024\/06\/HCD-bloque-PRO-01.jpg?fit=1000%2C556&ssl=1","jetpack_sharing_enabled":true,"_links":{"self":[{"href":"https:\/\/cdnoticias.com\/index.php\/wp-json\/wp\/v2\/posts\/122287","targetHints":{"allow":["GET"]}}],"collection":[{"href":"https:\/\/cdnoticias.com\/index.php\/wp-json\/wp\/v2\/posts"}],"about":[{"href":"https:\/\/cdnoticias.com\/index.php\/wp-json\/wp\/v2\/types\/post"}],"author":[{"embeddable":true,"href":"https:\/\/cdnoticias.com\/index.php\/wp-json\/wp\/v2\/users\/4"}],"replies":[{"embeddable":true,"href":"https:\/\/cdnoticias.com\/index.php\/wp-json\/wp\/v2\/comments?post=122287"}],"version-history":[{"count":0,"href":"https:\/\/cdnoticias.com\/index.php\/wp-json\/wp\/v2\/posts\/122287\/revisions"}],"wp:featuredmedia":[{"embeddable":true,"href":"https:\/\/cdnoticias.com\/index.php\/wp-json\/wp\/v2\/media\/118196"}],"wp:attachment":[{"href":"https:\/\/cdnoticias.com\/index.php\/wp-json\/wp\/v2\/media?parent=122287"}],"wp:term":[{"taxonomy":"category","embeddable":true,"href":"https:\/\/cdnoticias.com\/index.php\/wp-json\/wp\/v2\/categories?post=122287"},{"taxonomy":"post_tag","embeddable":true,"href":"https:\/\/cdnoticias.com\/index.php\/wp-json\/wp\/v2\/tags?post=122287"}],"curies":[{"name":"wp","href":"https:\/\/api.w.org\/{rel}","templated":true}]}}