{"id":122279,"date":"2024-08-06T09:51:57","date_gmt":"2024-08-06T12:51:57","guid":{"rendered":"https:\/\/cdnoticias.com\/?p=122279"},"modified":"2024-08-06T11:39:29","modified_gmt":"2024-08-06T14:39:29","slug":"de-sierras-bayas-a-colonia-nievas-sin-electricidad","status":"publish","type":"post","link":"https:\/\/cdnoticias.com\/index.php\/2024\/08\/06\/de-sierras-bayas-a-colonia-nievas-sin-electricidad\/","title":{"rendered":"De Sierras Bayas a Colonia Nievas, sin electricidad"},"content":{"rendered":"<p>Amplia zona afectada. Coopelectric inform\u00f3 que sali\u00f3 de servicio la L\u00ednea de Media Tensi\u00f3n y que ya comenzaron las tareas de reparaci\u00f3n.<!--more--><\/p>\n<hr \/>\n<p>Una <strong>amplia zona serrana, rural y de canteras<\/strong> qued\u00f3 <strong>sin suministro el\u00e9ctrico<\/strong> pasadas las 9.30 de este martes.<\/p>\n<blockquote><p>Coopelectric inform\u00f3 que \u201cse registra la salida de servicio de la L\u00ednea de Media Tensi\u00f3n que alimenta a la localidad de Sierras Bayas, Colonia San Miguel, Colonia Nievas, Villa M\u00f3nica, zona de canteras y sector rural\u201d.<\/p><\/blockquote>\n<p>El personal de Coopelectric ya realiza las<strong> \u201ctareas operativas para poder normalizar el Servicio\u201d<\/strong> agreg\u00f3 la cooperativa.<\/p>\n","protected":false},"excerpt":{"rendered":"<p>Amplia zona afectada. Coopelectric inform\u00f3 que sali\u00f3 de servicio la L\u00ednea de Media Tensi\u00f3n y que ya comenzaron las tareas<\/p>\n","protected":false},"author":4,"featured_media":453,"comment_status":"closed","ping_status":"closed","sticky":false,"template":"","format":"standard","meta":{"_jetpack_memberships_contains_paid_content":false,"footnotes":""},"categories":[5,1],"tags":[],"class_list":["post-122279","post","type-post","status-publish","format-standard","has-post-thumbnail","hentry","category-informacion-general","category-portada"],"jetpack_featured_media_url":"https:\/\/i0.wp.com\/cdnoticias.com\/wp-content\/uploads\/2020\/09\/DSC_8512.jpg?fit=4608%2C3072&ssl=1","jetpack_sharing_enabled":true,"_links":{"self":[{"href":"https:\/\/cdnoticias.com\/index.php\/wp-json\/wp\/v2\/posts\/122279","targetHints":{"allow":["GET"]}}],"collection":[{"href":"https:\/\/cdnoticias.com\/index.php\/wp-json\/wp\/v2\/posts"}],"about":[{"href":"https:\/\/cdnoticias.com\/index.php\/wp-json\/wp\/v2\/types\/post"}],"author":[{"embeddable":true,"href":"https:\/\/cdnoticias.com\/index.php\/wp-json\/wp\/v2\/users\/4"}],"replies":[{"embeddable":true,"href":"https:\/\/cdnoticias.com\/index.php\/wp-json\/wp\/v2\/comments?post=122279"}],"version-history":[{"count":0,"href":"https:\/\/cdnoticias.com\/index.php\/wp-json\/wp\/v2\/posts\/122279\/revisions"}],"wp:featuredmedia":[{"embeddable":true,"href":"https:\/\/cdnoticias.com\/index.php\/wp-json\/wp\/v2\/media\/453"}],"wp:attachment":[{"href":"https:\/\/cdnoticias.com\/index.php\/wp-json\/wp\/v2\/media?parent=122279"}],"wp:term":[{"taxonomy":"category","embeddable":true,"href":"https:\/\/cdnoticias.com\/index.php\/wp-json\/wp\/v2\/categories?post=122279"},{"taxonomy":"post_tag","embeddable":true,"href":"https:\/\/cdnoticias.com\/index.php\/wp-json\/wp\/v2\/tags?post=122279"}],"curies":[{"name":"wp","href":"https:\/\/api.w.org\/{rel}","templated":true}]}}