{"id":122267,"date":"2024-08-06T18:55:19","date_gmt":"2024-08-06T21:55:19","guid":{"rendered":"https:\/\/cdnoticias.com\/?p=122267"},"modified":"2024-08-07T08:22:04","modified_gmt":"2024-08-07T11:22:04","slug":"licitan-obras-de-ampliacion-y-reformas-para-la-escuela-secundaria-n-18","status":"publish","type":"post","link":"https:\/\/cdnoticias.com\/index.php\/2024\/08\/06\/licitan-obras-de-ampliacion-y-reformas-para-la-escuela-secundaria-n-18\/","title":{"rendered":"Licitan obras de ampliaci\u00f3n y reformas para la Escuela Secundaria N\u00b0 18"},"content":{"rendered":"\n<p>Se presentaron cinco oferentes. El presupuesto oficial para llevar adelante las tareas supera los 120 millones de pesos.<\/p>\n\n\n\n<hr class=\"wp-block-separator has-alpha-channel-opacity\"\/>\n\n\n\n<p>El lunes por la ma\u00f1ana en el Sal\u00f3n Blanco del Palacio San Mart\u00edn se realiz\u00f3 la apertura de licitaci\u00f3n para llevar adelante las<strong> obras de ampliaci\u00f3n y reforma en la Escuela Secundaria N\u00ba 18, ubicada en avenida Alberdi 4597.<\/strong><\/p>\n\n\n\n<p><\/p>\n\n\n\n<p>El proyecto de obra \u2013realizado por el equipo de la Secretar\u00eda de Obras, Infraestructura y Servicios P\u00fablicos- contempla la<strong> ampliaci\u00f3n del establecimiento en planta alta, la construcci\u00f3n de dos aulas, oficina, un \u00e1rea de circulaci\u00f3n redise\u00f1ada y la terminaci\u00f3n de dos sanitarios <\/strong>en planta baja. Los trabajos que abarcan una s<strong>uperficie total de 142,55 m2.<\/strong><\/p>\n\n\n\n<p><\/p>\n\n\n\n<p>Participaron de la apertura de la licitaci\u00f3n, el secretario de Obras, Infraestructura y Servicios P\u00fablicos Orfel Fari\u00f1a, el director de Licitaciones Ezequiel Lorenzo y representantes de las empresas oferentes.<\/p>\n\n\n\n<p><\/p>\n\n\n\n<p>A continuaci\u00f3n, se detallan las propuestas econ\u00f3micas presentadas:<\/p>\n\n\n\n<p><\/p>\n\n\n\n<p><strong>Proponente N\u00ba 1:<\/strong> Pecma SRL cotiz\u00f3 la suma de $106.787.420,24.<br><strong>Proponente N\u00ba 2: <\/strong>Jhonny Caba Lomar cotiz\u00f3 la suma de $108.439.226,50.<br><strong>Proponente N\u00ba 3:<\/strong> Vilmey Arg SAS cotiz\u00f3 la suma de $109.600.000.<br><strong>Proponente N\u00ba 4: <\/strong>Acebal Paola Vanesa cotiz\u00f3 la suma de $141.451.105.<br><strong>Proponente N\u00ba 5: <\/strong>Larrosa Mart\u00edn no presenta garant\u00eda de oferta, por lo que se desestima la propuesta.<br><\/p>\n\n\n\n<blockquote class=\"wp-block-quote is-layout-flow wp-block-quote-is-layout-flow\">\n<p>En tanto que el presupuesto oficial fue fijado en la suma de $120.898.381.<\/p>\n<\/blockquote>\n\n\n\n<p><\/p>\n\n\n\n<figure class=\"wp-block-image size-full\"><img data-recalc-dims=\"1\" loading=\"lazy\" decoding=\"async\" width=\"800\" height=\"445\" src=\"https:\/\/i0.wp.com\/cdnoticias.com\/wp-content\/uploads\/2024\/08\/Licitacion-Escuela-Secundaria-No-18-1.jpeg?resize=800%2C445&#038;ssl=1\" alt=\"\" class=\"wp-image-122269\" srcset=\"https:\/\/i0.wp.com\/cdnoticias.com\/wp-content\/uploads\/2024\/08\/Licitacion-Escuela-Secundaria-No-18-1.jpeg?w=800&amp;ssl=1 800w, https:\/\/i0.wp.com\/cdnoticias.com\/wp-content\/uploads\/2024\/08\/Licitacion-Escuela-Secundaria-No-18-1.jpeg?resize=300%2C167&amp;ssl=1 300w, https:\/\/i0.wp.com\/cdnoticias.com\/wp-content\/uploads\/2024\/08\/Licitacion-Escuela-Secundaria-No-18-1.jpeg?resize=768%2C427&amp;ssl=1 768w\" sizes=\"auto, (max-width: 800px) 100vw, 800px\" \/><\/figure>\n\n\n\n<p><\/p>\n\n\n\n<p><strong>Otras obras en ejecuci\u00f3n<\/strong><\/p>\n\n\n\n<p><\/p>\n\n\n\n<p>En materia de infraestructura educativa, cabe mencionar que d\u00edas atr\u00e1s se abrieron las licitaciones para ejecutar obras en la<strong> Escuela T\u00e9cnica N\u00ba 1 \u201cRen\u00e9 Favaloro\u201d <\/strong>(ubicada en el barrio CECO) y en el <strong>Jard\u00edn de Infantes N\u00ba 902 \u201cSan Ignacio de Loyola\u201d,<\/strong> cuya sede se encuentra ubicada en Laprida 4350.<\/p>\n\n\n\n<p><\/p>\n\n\n\n<p>Asimismo se encuentran en marcha las obras en el <strong>CEAT N\u00ba 1 y la Escuela de Educaci\u00f3n Especial N\u00ba 502 \u201cGraciana E. Cazot\u201d,<\/strong> en el edificio que ambas instituciones comparten en el predio situado en Balcarce entre Saavedra y Laprida.<\/p>\n\n\n\n<p><\/p>\n\n\n\n<p>Otro de los frentes de obra en ejecuci\u00f3n se desarrolla en la <strong>Escuela N\u00ba 48 \u201cPrimera Junta\u201d del Paraje La Moderna<\/strong>, all\u00ed se est\u00e1n realizando distintas reparaciones en varios sectores del establecimiento, que fue severamente afectado por los temporales.<\/p>\n\n\n\n<p><\/p>\n\n\n\n<p>En el <strong>Centro de Educaci\u00f3n Complementaria N\u00ba 801<\/strong>, ubicada en Av. Jun\u00edn y Av. Col\u00f3n, tambi\u00e9n se efectuaran arreglos en el frente, sector de galer\u00edas, en el techo, estructura met\u00e1lica y tambi\u00e9n en el sal\u00f3n de usos m\u00faltiples.<\/p>\n\n\n\n<p><\/p>\n\n\n\n<p>En la <strong>Escuela N\u00ba 58<\/strong>, ubicada en Moya 3190 se realizar\u00e1n arreglos en interiores, recambios de calefactores y colocaci\u00f3n de aberturas de aluminio, en distintos sectores determinados.<\/p>\n","protected":false},"excerpt":{"rendered":"<p>Se presentaron cinco oferentes. El presupuesto oficial para llevar adelante las tareas supera los 120 millones de pesos. El lunes<\/p>\n","protected":false},"author":2,"featured_media":122270,"comment_status":"closed","ping_status":"closed","sticky":false,"template":"","format":"standard","meta":{"_jetpack_memberships_contains_paid_content":false,"footnotes":""},"categories":[5,1],"tags":[],"class_list":["post-122267","post","type-post","status-publish","format-standard","has-post-thumbnail","hentry","category-informacion-general","category-portada"],"jetpack_featured_media_url":"https:\/\/i0.wp.com\/cdnoticias.com\/wp-content\/uploads\/2024\/08\/Licitacion-Escuela-Secundaria-No-18-2.jpeg?fit=700%2C389&ssl=1","jetpack_sharing_enabled":true,"_links":{"self":[{"href":"https:\/\/cdnoticias.com\/index.php\/wp-json\/wp\/v2\/posts\/122267","targetHints":{"allow":["GET"]}}],"collection":[{"href":"https:\/\/cdnoticias.com\/index.php\/wp-json\/wp\/v2\/posts"}],"about":[{"href":"https:\/\/cdnoticias.com\/index.php\/wp-json\/wp\/v2\/types\/post"}],"author":[{"embeddable":true,"href":"https:\/\/cdnoticias.com\/index.php\/wp-json\/wp\/v2\/users\/2"}],"replies":[{"embeddable":true,"href":"https:\/\/cdnoticias.com\/index.php\/wp-json\/wp\/v2\/comments?post=122267"}],"version-history":[{"count":0,"href":"https:\/\/cdnoticias.com\/index.php\/wp-json\/wp\/v2\/posts\/122267\/revisions"}],"wp:featuredmedia":[{"embeddable":true,"href":"https:\/\/cdnoticias.com\/index.php\/wp-json\/wp\/v2\/media\/122270"}],"wp:attachment":[{"href":"https:\/\/cdnoticias.com\/index.php\/wp-json\/wp\/v2\/media?parent=122267"}],"wp:term":[{"taxonomy":"category","embeddable":true,"href":"https:\/\/cdnoticias.com\/index.php\/wp-json\/wp\/v2\/categories?post=122267"},{"taxonomy":"post_tag","embeddable":true,"href":"https:\/\/cdnoticias.com\/index.php\/wp-json\/wp\/v2\/tags?post=122267"}],"curies":[{"name":"wp","href":"https:\/\/api.w.org\/{rel}","templated":true}]}}