{"id":122242,"date":"2024-08-05T16:38:18","date_gmt":"2024-08-05T19:38:18","guid":{"rendered":"https:\/\/cdnoticias.com\/?p=122242"},"modified":"2024-08-05T16:38:20","modified_gmt":"2024-08-05T19:38:20","slug":"nestor-alfredo-langiano-pocho-q-e-p-d","status":"publish","type":"post","link":"https:\/\/cdnoticias.com\/index.php\/2024\/08\/05\/nestor-alfredo-langiano-pocho-q-e-p-d\/","title":{"rendered":"N\u00e9stor Alfredo Langiano &#8220;Pocho&#8221; (Q.E.P.D.)"},"content":{"rendered":"\n<hr class=\"wp-block-separator aligncenter has-alpha-channel-opacity\"\/>\n\n\n\n<p>Falleci\u00f3 en Olavarr\u00eda el d\u00eda 5 de agosto de 2024 a los 89 a\u00f1os. Sus hijos Lucia, N\u00e9stor Osvaldo y Carolina Langiano; sus hijos pol\u00edticos Jorge Laucirica, Norma Burelli y Marcelo L\u00f3pez; sus nietos Francisco e Ignacio Laucirica, Nicol\u00e1s y Franco Langiano; Paula y Sebasti\u00e1n L\u00f3pez Langiano; su hermana Mar\u00eda Del Carmen; sus bisnietos Amalia y Luca; sus sobrinos y dem\u00e1s deudos participan su fallecimiento.<\/p>\n\n\n\n<p>Sus restos ser\u00e1n velados en la Sala de Espa\u00f1a 2942 departamento \u201cB\u201d hasta las 21:00 horas de este lunes e inhumados en el Cementerio Loma de Paz este martes 6 de agosto a las 09:30 horas. Servicio adherido a Coopelectric.<\/p>\n\n\n\n<p>Nacido en Loma Negra, vecino de la localidad, jubilado y pensionado.<\/p>\n","protected":false},"excerpt":{"rendered":"<p>Falleci\u00f3 en Olavarr\u00eda el d\u00eda 5 de agosto de 2024 a los 89 a\u00f1os. Sus hijos Lucia, N\u00e9stor Osvaldo y<\/p>\n","protected":false},"author":2,"featured_media":100390,"comment_status":"closed","ping_status":"closed","sticky":false,"template":"","format":"standard","meta":{"_jetpack_memberships_contains_paid_content":false,"footnotes":""},"categories":[10],"tags":[],"class_list":["post-122242","post","type-post","status-publish","format-standard","has-post-thumbnail","hentry","category-necrologicas"],"jetpack_featured_media_url":"https:\/\/i0.wp.com\/cdnoticias.com\/wp-content\/uploads\/2023\/10\/necrologicas-390-x-240.jpg?fit=390%2C240&ssl=1","jetpack_sharing_enabled":true,"_links":{"self":[{"href":"https:\/\/cdnoticias.com\/index.php\/wp-json\/wp\/v2\/posts\/122242","targetHints":{"allow":["GET"]}}],"collection":[{"href":"https:\/\/cdnoticias.com\/index.php\/wp-json\/wp\/v2\/posts"}],"about":[{"href":"https:\/\/cdnoticias.com\/index.php\/wp-json\/wp\/v2\/types\/post"}],"author":[{"embeddable":true,"href":"https:\/\/cdnoticias.com\/index.php\/wp-json\/wp\/v2\/users\/2"}],"replies":[{"embeddable":true,"href":"https:\/\/cdnoticias.com\/index.php\/wp-json\/wp\/v2\/comments?post=122242"}],"version-history":[{"count":0,"href":"https:\/\/cdnoticias.com\/index.php\/wp-json\/wp\/v2\/posts\/122242\/revisions"}],"wp:featuredmedia":[{"embeddable":true,"href":"https:\/\/cdnoticias.com\/index.php\/wp-json\/wp\/v2\/media\/100390"}],"wp:attachment":[{"href":"https:\/\/cdnoticias.com\/index.php\/wp-json\/wp\/v2\/media?parent=122242"}],"wp:term":[{"taxonomy":"category","embeddable":true,"href":"https:\/\/cdnoticias.com\/index.php\/wp-json\/wp\/v2\/categories?post=122242"},{"taxonomy":"post_tag","embeddable":true,"href":"https:\/\/cdnoticias.com\/index.php\/wp-json\/wp\/v2\/tags?post=122242"}],"curies":[{"name":"wp","href":"https:\/\/api.w.org\/{rel}","templated":true}]}}