{"id":122236,"date":"2024-08-05T13:37:39","date_gmt":"2024-08-05T16:37:39","guid":{"rendered":"https:\/\/cdnoticias.com\/?p=122236"},"modified":"2024-08-05T13:37:41","modified_gmt":"2024-08-05T16:37:41","slug":"kicillof-y-alak-lanzan-curso-de-formacion-politica-para-jovenes-y-aspirantes-a-dirigentes-de-todo-el-pais","status":"publish","type":"post","link":"https:\/\/cdnoticias.com\/index.php\/2024\/08\/05\/kicillof-y-alak-lanzan-curso-de-formacion-politica-para-jovenes-y-aspirantes-a-dirigentes-de-todo-el-pais\/","title":{"rendered":"Kicillof y Alak lanzan curso de formaci\u00f3n pol\u00edtica para j\u00f3venes y aspirantes a dirigentes de todo el pa\u00eds"},"content":{"rendered":"<p>La iniciativa organizada por el ICP ya cuenta con miles de anotados, que se inscribieron desde todas las provincias argentinas.<!--more--><\/p>\n<hr \/>\n<p>El <strong>gobernador de la Provincia de Buenos Aires, Axel Kicillof<\/strong>, y el<strong> intendente de La Plata, Julio Alak<\/strong>, abrir\u00e1n este martes el novedoso <strong>Curso de Formaci\u00f3n Pol\u00edtica del ICP<\/strong>, dando inicio a la primera semana de cursada.<\/p>\n<p><strong>Desde las 16 horas, el jefe comunal platense presentar\u00e1 la clase inaugural donde disertar\u00e1 el gobernador Axel Kicillof<\/strong>. Adem\u00e1s, a lo largo de la propuesta participar\u00e1n como <strong>profesores invitados el ex canciller Jorge Taiana<\/strong> y el <strong>ex embajador en Espa\u00f1a Ricardo Alfons\u00edn<\/strong>, entre otras personalidades destacadas. El lanzamiento se podr\u00e1 seguir en vivo a trav\u00e9s del <em>canal de YouTube del ICP @capacitacionicp<\/em>.<\/p>\n<p>El curso, enfocado en el<strong> an\u00e1lisis del escenario mundial y los procesos pol\u00edticos, econ\u00f3micos y sociales de la regi\u00f3n y del pa\u00eds<\/strong>, se podr\u00e1 realizar tanto de forma presencial como online, en modalidades sincr\u00f3nica y asincr\u00f3nica. Tiene una duraci\u00f3n de 24 clases y al finalizar otorgar\u00e1 certificaci\u00f3n.<\/p>\n<p>La iniciativa est\u00e1 dirigida a<em> j\u00f3venes de todo el pa\u00eds y a personas interesadas y comprometidas con la agenda pol\u00edtica y el debate p\u00fablico<\/em>. Coordinado por docentes y especialistas con amplia trayectoria acad\u00e9mica, el curso busca promover el debate y analizar rigurosamente los procesos pol\u00edticos y econ\u00f3micos.<\/p>\n<p>&#8220;La necesidad de debatir y pensar sobre la actualidad queda demostrada en la alt\u00edsima convocatoria de j\u00f3venes que han llegado de las 23 provincias y la ciudad aut\u00f3noma\u201d, expres\u00f3 el <strong>presidente del ICP, Sebasti\u00e1n Tangorra<\/strong>.<\/p>\n<p>Seg\u00fan se inform\u00f3, la propuesta tendr\u00e1 una duraci\u00f3n de 12 semanas y se organizar\u00e1 en cuatro m\u00f3dulos a cargo de <strong>Jorge Elbaum y Telma Luzzani<\/strong>, especialistas en pol\u00edtica internacional; el <strong>analista Marco Teruggi<\/strong> y el <strong>ex embajador ante la OEA Carlos Raimundi<\/strong>; el <strong>escritor e historiador Hern\u00e1n Brienza<\/strong>; y la <strong>docente e investigadora Julia Rosemberg<\/strong>.<\/p>\n<p>La <strong>actividad es abierta y se puede participar previa inscripci\u00f3n<\/strong> a trav\u00e9s de la web del<a href=\"http:\/\/www.icpweb.ar\" target=\"_blank\" rel=\"noopener\"> Instituto de Capacitaci\u00f3n Pol\u00edtica www.icpweb.ar<\/a>. Las clases presenciales se dictar\u00e1n en la sede del ICP, ubicada en calle 54 N\u00b0 777 entre 10 y 11 de la ciudad de La Plata.<\/p>\n","protected":false},"excerpt":{"rendered":"<p>La iniciativa organizada por el ICP ya cuenta con miles de anotados, que se inscribieron desde todas las provincias argentinas.<\/p>\n","protected":false},"author":4,"featured_media":122237,"comment_status":"closed","ping_status":"closed","sticky":false,"template":"","format":"standard","meta":{"_jetpack_memberships_contains_paid_content":false,"footnotes":""},"categories":[6,1],"tags":[],"class_list":["post-122236","post","type-post","status-publish","format-standard","has-post-thumbnail","hentry","category-nacionales","category-portada"],"jetpack_featured_media_url":"https:\/\/i0.wp.com\/cdnoticias.com\/wp-content\/uploads\/2024\/08\/curso-de-formacion-politica-ICP-kicillof-alak-00.jpg?fit=800%2C445&ssl=1","jetpack_sharing_enabled":true,"_links":{"self":[{"href":"https:\/\/cdnoticias.com\/index.php\/wp-json\/wp\/v2\/posts\/122236","targetHints":{"allow":["GET"]}}],"collection":[{"href":"https:\/\/cdnoticias.com\/index.php\/wp-json\/wp\/v2\/posts"}],"about":[{"href":"https:\/\/cdnoticias.com\/index.php\/wp-json\/wp\/v2\/types\/post"}],"author":[{"embeddable":true,"href":"https:\/\/cdnoticias.com\/index.php\/wp-json\/wp\/v2\/users\/4"}],"replies":[{"embeddable":true,"href":"https:\/\/cdnoticias.com\/index.php\/wp-json\/wp\/v2\/comments?post=122236"}],"version-history":[{"count":0,"href":"https:\/\/cdnoticias.com\/index.php\/wp-json\/wp\/v2\/posts\/122236\/revisions"}],"wp:featuredmedia":[{"embeddable":true,"href":"https:\/\/cdnoticias.com\/index.php\/wp-json\/wp\/v2\/media\/122237"}],"wp:attachment":[{"href":"https:\/\/cdnoticias.com\/index.php\/wp-json\/wp\/v2\/media?parent=122236"}],"wp:term":[{"taxonomy":"category","embeddable":true,"href":"https:\/\/cdnoticias.com\/index.php\/wp-json\/wp\/v2\/categories?post=122236"},{"taxonomy":"post_tag","embeddable":true,"href":"https:\/\/cdnoticias.com\/index.php\/wp-json\/wp\/v2\/tags?post=122236"}],"curies":[{"name":"wp","href":"https:\/\/api.w.org\/{rel}","templated":true}]}}