{"id":122224,"date":"2024-08-17T19:01:37","date_gmt":"2024-08-17T22:01:37","guid":{"rendered":"https:\/\/cdnoticias.com\/?p=122224"},"modified":"2024-08-17T19:01:40","modified_gmt":"2024-08-17T22:01:40","slug":"taller-de-educacion-emocional-para-ninos-y-ninas-en-la-biblioteca-collinet","status":"publish","type":"post","link":"https:\/\/cdnoticias.com\/index.php\/2024\/08\/17\/taller-de-educacion-emocional-para-ninos-y-ninas-en-la-biblioteca-collinet\/","title":{"rendered":"Taller de educaci\u00f3n emocional para ni\u00f1os y ni\u00f1as en la Biblioteca Collinet"},"content":{"rendered":"\n<p>Iniciar\u00e1 en el mes de septiembre y ser\u00e1 coordinado por la psic\u00f3loga social, Sandra Sanabria.<\/p>\n\n\n\n<hr class=\"wp-block-separator has-alpha-channel-opacity\"\/>\n\n\n\n<p>La Biblioteca Popular A. Collinet brindar\u00e1 un taller de educaci\u00f3n emocional. El proyecto denominado \u201cOruguitas\u201d, estar\u00e1 destinado a <strong>ni\u00f1os y ni\u00f1as de 4 a 9 a\u00f1os y ser\u00e1 desarrollado por la psic\u00f3loga social, Sandra Sanabria.<\/strong><\/p>\n\n\n\n<p><\/p>\n\n\n\n<p><strong>La propuesta comenzar\u00e1 en el mes de septiembre. <\/strong>Tendr\u00e1 una duraci\u00f3n de <strong>doce encuentros <\/strong>que se realizar\u00e1n los<strong> viernes de 16 a 18 horas.<\/strong> Ya se encuentra abierta la inscripci\u00f3n.<\/p>\n\n\n\n<p><\/p>\n\n\n\n<blockquote class=\"wp-block-quote is-layout-flow wp-block-quote-is-layout-flow\">\n<p>En cuanto a <strong>\u201cOruguitas\u201d,<\/strong> tiene como objetivo \u201cimpulsar la educaci\u00f3n emocional, la comunicaci\u00f3n, aprender a gestionar y reconocer las emociones, la empat\u00eda, autoestima y todo lo que facilita una vinculaci\u00f3n sana y activa de los ni\u00f1os con su entorno\u201d, indic\u00f3 Sanabria.<\/p>\n<\/blockquote>\n\n\n\n<p><\/p>\n\n\n\n<p>Asimismo, sostuvo que \u201cla importancia de<strong> trabajar la educaci\u00f3n emocional <\/strong>desde edades tempranas es innegable, ya que la misma favorece e influye directamente en el aprendizaje y bienestar en todos los \u00e1mbitos del individuo\u201d.<\/p>\n\n\n\n<p><\/p>\n\n\n\n<p><strong>El taller es arancelado e incluye todos los materiales. <\/strong>Las personas interesadas en inscribir a ni\u00f1os y ni\u00f1as, podr\u00e1n hacerlo en Alsina 2659 de lunes a viernes de 9 a 12 y de 14 a 18 horas. O comunicarse a trav\u00e9s de los siguientes medios:<\/p>\n\n\n\n<p><\/p>\n\n\n\n<p><strong>WhatsApp:<\/strong> 2284 545589<br><strong>T\u00e9lefono: <\/strong>418654<br><strong>Facebook:<\/strong> Biblioteca Popular Armando Collinet<br><strong>Instagram:<\/strong> biblio_armando_collinet<br><strong>Correo electr\u00f3nico:<\/strong> biblioarmandocollinet@hotmail.com.<\/p>\n","protected":false},"excerpt":{"rendered":"<p>Iniciar\u00e1 en el mes de septiembre y ser\u00e1 coordinado por la psic\u00f3loga social, Sandra Sanabria. La Biblioteca Popular A. Collinet<\/p>\n","protected":false},"author":2,"featured_media":122225,"comment_status":"closed","ping_status":"closed","sticky":false,"template":"","format":"standard","meta":{"_jetpack_memberships_contains_paid_content":false,"footnotes":""},"categories":[9,1],"tags":[],"class_list":["post-122224","post","type-post","status-publish","format-standard","has-post-thumbnail","hentry","category-cultura","category-portada"],"jetpack_featured_media_url":"https:\/\/i0.wp.com\/cdnoticias.com\/wp-content\/uploads\/2024\/08\/Flyer-taller-Oruguitas.png?fit=800%2C445&ssl=1","jetpack_sharing_enabled":true,"_links":{"self":[{"href":"https:\/\/cdnoticias.com\/index.php\/wp-json\/wp\/v2\/posts\/122224","targetHints":{"allow":["GET"]}}],"collection":[{"href":"https:\/\/cdnoticias.com\/index.php\/wp-json\/wp\/v2\/posts"}],"about":[{"href":"https:\/\/cdnoticias.com\/index.php\/wp-json\/wp\/v2\/types\/post"}],"author":[{"embeddable":true,"href":"https:\/\/cdnoticias.com\/index.php\/wp-json\/wp\/v2\/users\/2"}],"replies":[{"embeddable":true,"href":"https:\/\/cdnoticias.com\/index.php\/wp-json\/wp\/v2\/comments?post=122224"}],"version-history":[{"count":0,"href":"https:\/\/cdnoticias.com\/index.php\/wp-json\/wp\/v2\/posts\/122224\/revisions"}],"wp:featuredmedia":[{"embeddable":true,"href":"https:\/\/cdnoticias.com\/index.php\/wp-json\/wp\/v2\/media\/122225"}],"wp:attachment":[{"href":"https:\/\/cdnoticias.com\/index.php\/wp-json\/wp\/v2\/media?parent=122224"}],"wp:term":[{"taxonomy":"category","embeddable":true,"href":"https:\/\/cdnoticias.com\/index.php\/wp-json\/wp\/v2\/categories?post=122224"},{"taxonomy":"post_tag","embeddable":true,"href":"https:\/\/cdnoticias.com\/index.php\/wp-json\/wp\/v2\/tags?post=122224"}],"curies":[{"name":"wp","href":"https:\/\/api.w.org\/{rel}","templated":true}]}}