{"id":122209,"date":"2024-08-05T09:32:19","date_gmt":"2024-08-05T12:32:19","guid":{"rendered":"https:\/\/cdnoticias.com\/?p=122209"},"modified":"2024-08-05T09:32:21","modified_gmt":"2024-08-05T12:32:21","slug":"melva-sonia-spinola-de-bravo-q-e-p-d","status":"publish","type":"post","link":"https:\/\/cdnoticias.com\/index.php\/2024\/08\/05\/melva-sonia-spinola-de-bravo-q-e-p-d\/","title":{"rendered":"Melva Sonia Spinola de Bravo (Q.E.P.D.)"},"content":{"rendered":"\n<p>Falleci\u00f3 en Olavarr\u00eda el 5 de agosto de 2024 a los 67 a\u00f1os de edad. Su esposo H\u00e9ctor Bravo; sus hijos: Marcelo y Anabela; su hija pol\u00edtica Melisa; sus nietos: Amparo y Alma; sus hermanas: Liliana, Stella y dem\u00e1s deudos participan su fallecimiento.<\/p>\n\n\n\n<p><\/p>\n\n\n\n<p>Sus restos son velados en Espa\u00f1a 2942, Departamento &#8220;D&#8221; este lunes de 15:00 a 20:00 y ser\u00e1n cremados en Crematorio Pinos de Paz en d\u00eda y horario a confirmar, previo responso en la capilla ardiente. Vecina de barrio Villa Mailin. Nacida en Olavarr\u00eda. Jubilada.<\/p>\n","protected":false},"excerpt":{"rendered":"<p>Falleci\u00f3 en Olavarr\u00eda el 5 de agosto de 2024 a los 67 a\u00f1os de edad. Su esposo H\u00e9ctor Bravo; sus<\/p>\n","protected":false},"author":2,"featured_media":100390,"comment_status":"closed","ping_status":"closed","sticky":false,"template":"","format":"standard","meta":{"_jetpack_memberships_contains_paid_content":false,"footnotes":""},"categories":[10],"tags":[],"class_list":["post-122209","post","type-post","status-publish","format-standard","has-post-thumbnail","hentry","category-necrologicas"],"jetpack_featured_media_url":"https:\/\/i0.wp.com\/cdnoticias.com\/wp-content\/uploads\/2023\/10\/necrologicas-390-x-240.jpg?fit=390%2C240&ssl=1","jetpack_sharing_enabled":true,"_links":{"self":[{"href":"https:\/\/cdnoticias.com\/index.php\/wp-json\/wp\/v2\/posts\/122209","targetHints":{"allow":["GET"]}}],"collection":[{"href":"https:\/\/cdnoticias.com\/index.php\/wp-json\/wp\/v2\/posts"}],"about":[{"href":"https:\/\/cdnoticias.com\/index.php\/wp-json\/wp\/v2\/types\/post"}],"author":[{"embeddable":true,"href":"https:\/\/cdnoticias.com\/index.php\/wp-json\/wp\/v2\/users\/2"}],"replies":[{"embeddable":true,"href":"https:\/\/cdnoticias.com\/index.php\/wp-json\/wp\/v2\/comments?post=122209"}],"version-history":[{"count":0,"href":"https:\/\/cdnoticias.com\/index.php\/wp-json\/wp\/v2\/posts\/122209\/revisions"}],"wp:featuredmedia":[{"embeddable":true,"href":"https:\/\/cdnoticias.com\/index.php\/wp-json\/wp\/v2\/media\/100390"}],"wp:attachment":[{"href":"https:\/\/cdnoticias.com\/index.php\/wp-json\/wp\/v2\/media?parent=122209"}],"wp:term":[{"taxonomy":"category","embeddable":true,"href":"https:\/\/cdnoticias.com\/index.php\/wp-json\/wp\/v2\/categories?post=122209"},{"taxonomy":"post_tag","embeddable":true,"href":"https:\/\/cdnoticias.com\/index.php\/wp-json\/wp\/v2\/tags?post=122209"}],"curies":[{"name":"wp","href":"https:\/\/api.w.org\/{rel}","templated":true}]}}