{"id":122207,"date":"2024-08-05T09:35:07","date_gmt":"2024-08-05T12:35:07","guid":{"rendered":"https:\/\/cdnoticias.com\/?p=122207"},"modified":"2024-08-05T09:36:36","modified_gmt":"2024-08-05T12:36:36","slug":"bolivar-agravan-la-imputacion-a-los-dos-acusados-por-el-crimen-de-ramon-cardoso","status":"publish","type":"post","link":"https:\/\/cdnoticias.com\/index.php\/2024\/08\/05\/bolivar-agravan-la-imputacion-a-los-dos-acusados-por-el-crimen-de-ramon-cardoso\/","title":{"rendered":"Bol\u00edvar: agravan la imputaci\u00f3n a los dos acusados por el crimen de Ram\u00f3n Cardoso"},"content":{"rendered":"<p>La fiscal resolvi\u00f3 cambiar la acusaci\u00f3n a \u201chomicidio criminis causa\u201d que incluye la posibilidad de cadena perpetua en contra de los dos imputados de 16 y 20 a\u00f1os.<br \/>\n<!--more--><\/p>\n<hr \/>\n<p><em>Por Oriana Bay\u00f3n \/ diario La Ma\u00f1ana<\/em><\/p>\n<p>Fotos: <em>diario La Ma\u00f1ana<\/em><\/p>\n<p>Importantes novedades se conocieron en torno al caso del <strong>hombre de 60 a\u00f1os asesinado en Bol\u00edvar<\/strong> el jueves pasado. Entre ellas, que l<strong>a nueva Fiscal\u00eda<\/strong> a cargo del caso dispuso <strong>agravar la acusaci\u00f3n contra los dos detenidos<\/strong>.<\/p>\n<p>La doctora<strong> Mariela Viceconte, de la Unidad Funcional de Instrucci\u00f3n y Juicio N\u00ba 17 de Azul<\/strong> especializada en el Fuero Penal Juvenil resolvi\u00f3 agravar la acusaci\u00f3n a <strong>Homicidio Criminis Causa que incluye la posibilidad de cadena perpetua en contra de los dos imputados<\/strong> por el<strong> crimen de Ram\u00f3n Gin\u00e9s Cardoso<\/strong>. <a href=\"https:\/\/cdnoticias.com\/index.php\/2024\/08\/02\/bolivar-un-hombre-fue-asesinado-a-balazos-e-intentaron-calcinar-su-cuerpo\/\" target=\"_blank\" rel=\"noopener\">El hombre fue asesinado de dos disparos y prendido fuego<\/a> dentro de un tambor de miel en el predio del ex Matadero Municipal de la vecina localidad.<\/p>\n<p>En la madrugada del jueves 1 de agosto, Cardoso, que el 3 de junio cumpli\u00f3 60 a\u00f1os fue abordado por delincuentes en la vivienda que habitaba en el campo &#8220;La In\u00e9s&#8221;, ubicado en el Cuartel I en el cual trabajaba como casero. <strong>Muri\u00f3 producto de las lesiones que le produjeron los dos disparos<\/strong> que le efectuaron los malvivientes los cuales impactaron <strong>uno en su maxilar y otro en su frente, cuando estaba arrodillado en el piso y con sus manos atadas<\/strong> por la espalda.<\/p>\n<p>Los dos <strong>acusados<\/strong> que est\u00e1n alcanzados por esta imputaci\u00f3n que tiene la pena m\u00e1xima son los j\u00f3venes <strong>Manuel Schmidt de 20 a\u00f1os<\/strong> y un menor identificado como <strong>Nicol\u00e1s R., de 16 a\u00f1os<\/strong>.<\/p>\n<p>Ambos fueron imputados por el brutal asesinato del pe\u00f3n rural y <strong>quedaron aprehendidos en la tarde del jueves, cuando ante un inminente allanamiento en sus domicilios particulares, se presentaron en la Comisar\u00eda de Bol\u00edvar<\/strong>. All\u00ed <strong>confesaron el crimen<\/strong> y <strong>entregaron el arma<\/strong> con la que hab\u00edan asesinado a Cardoso en horas de la madrugada.<\/p>\n<blockquote><p>Los padres del menor de edad fueron quienes indicaron el lugar en donde hab\u00edan dejado el cuerpo sin vida del casero de La In\u00e9s e indicaron que estaba en el ex Matadero Municipal que se encuentra ubicado sobre la calle C\u00e9sar Pasquali. Hasta all\u00ed fueron polic\u00edas de la Comisar\u00eda de Bol\u00edvar y encontraron un tambor contenedor de miel del cual sal\u00eda humo. Inmediatamente delimitaron la zona y el lugar fue preservado hasta la llegada de peritos de Polic\u00eda Cient\u00edfica.<\/p><\/blockquote>\n<p><img data-recalc-dims=\"1\" loading=\"lazy\" decoding=\"async\" class=\"size-full wp-image-121981 aligncenter\" src=\"https:\/\/i0.wp.com\/cdnoticias.com\/wp-content\/uploads\/2024\/08\/diario-la-manana-caso-cardoso-04.jpg?resize=800%2C450&#038;ssl=1\" alt=\"\" width=\"800\" height=\"450\" srcset=\"https:\/\/i0.wp.com\/cdnoticias.com\/wp-content\/uploads\/2024\/08\/diario-la-manana-caso-cardoso-04.jpg?w=1000&amp;ssl=1 1000w, https:\/\/i0.wp.com\/cdnoticias.com\/wp-content\/uploads\/2024\/08\/diario-la-manana-caso-cardoso-04.jpg?resize=300%2C169&amp;ssl=1 300w, https:\/\/i0.wp.com\/cdnoticias.com\/wp-content\/uploads\/2024\/08\/diario-la-manana-caso-cardoso-04.jpg?resize=768%2C432&amp;ssl=1 768w\" sizes=\"auto, (max-width: 800px) 100vw, 800px\" \/><\/p>\n<p>Al mismo tiempo personal policial del Comando de Prevenci\u00f3n Rural de Bol\u00edvar, bomberos voluntarios del cuartel de la Ignacio Rivas y agentes pertenecientes a Protecci\u00f3n Ciudadana se encontraban rastrillando el campo en donde viv\u00eda el hombre, campos aleda\u00f1os y el lugar en donde la noche anterior polic\u00edas del Comando de Prevenci\u00f3n Rural en sus recorridas habituales de prevenci\u00f3n hab\u00edan hallado el caballo y un bat\u00e1n en el que encontraron un ternero maniatado, restos de animales vacunos que se presume hab\u00edan sido faenados recientemente, utensilios de cocina y otros elementos. Ante el hallazgo<strong> los uniformados comenzaron a investigar la comisi\u00f3n de un robo y abigeato<\/strong> y durante las entrevistas a los vecinos de la zona descubrieron que el bat\u00e1n y el caballo pertenec\u00edan a Cardoso que viv\u00eda en un campo distante a unos seis kil\u00f3metros de donde fueron encontradas sus pertenencias.<\/p>\n<p>Los uniformados fueron hasta el campo en cuesti\u00f3n y se entrevistaron con H\u00e9ctor Pando, propietario del establecimiento rural quien dijo desconocer en donde se encontraba Cardoso. Un dato que llam\u00f3 la atenci\u00f3n fue que <strong>la vivienda en donde viv\u00eda el sexagenario se encontraba abierta y toda revuelta<\/strong>,<em> encontr\u00e1ndose las pertenencias del casero esparcidas en el interior, otras acomodadas como para ser retiradas y otras a varios kil\u00f3metros de la casa, por lo que se confirm\u00f3 la hip\u00f3tesis de robo y abigeato<\/em>, pero hasta ese momento se desconoc\u00eda el paradero de Cardoso.<\/p>\n<p>Con la confesi\u00f3n de los criminales y el macabro hallazgo de un cuerpo sin vida en el basurero municipal, la Dra. Julia Mar\u00eda Sebasti\u00e1n, titular de la Unidad Funcional de Instrucci\u00f3n N\u00b015 de Bol\u00edvar, junto al jefe departamental de Bol\u00edvar, comisario Marcos Navarro, el jefe de la Sub Delegaci\u00f3n Departamental de Investigaciones, comisario Ezequiel Luna, personal de Polic\u00eda Cient\u00edfica y miembros policiales pertenecientes al Comando de Prevenci\u00f3n Rural y a las dem\u00e1s dependencias policiales bolivarenses se trasladaron al campo &#8220;La In\u00e9s&#8221; y comenzaron con las<strong> tareas periciales en busca de elementos de prueba<\/strong>. Durante las labores encontraron <strong>dos vainas calibre 22 que se corresponden con el arma entregada<\/strong> por los adolescentes en la Comisar\u00eda de Bol\u00edvar; <strong>una de ellas fue hallada en el interior de la vivienda y otra debajo de una carretilla<\/strong> que se encontraba en el predio.<\/p>\n<p>Terminadas las tareas en &#8220;La In\u00e9s&#8221; la comitiva encabezada por la Dra. Sebasti\u00e1n se traslad\u00f3 al basurero municipal y al lugar fueron convocados nuevamente los bomberos voluntarios, quienes bajo las indicaciones de los peritos de Polic\u00eda Cient\u00edfica, que se encontraban abocados a las tareas periciales bajo la supervisi\u00f3n del Licenciado Mayor Carlos Sotuyo, jefe de la Sub Delegaci\u00f3n de Polic\u00eda Cient\u00edfica de Olavarr\u00eda, iluminaron el predio para que los mismos pudieran realizar sus tareas espec\u00edficas y<strong> cortaron el tambor en donde se encontraba el cuerpo del infortunado hombre<\/strong>, que tras ser retirado del lugar pasados veinte minutos de las 00 horas del viernes fue trasladado a la Morgue Judicial del Hospital Dr. Miguel L. Capredoni de Bol\u00edvar para la consiguiente la operaci\u00f3n de autopsia.<\/p>\n<p><img data-recalc-dims=\"1\" loading=\"lazy\" decoding=\"async\" class=\"size-full wp-image-121978 aligncenter\" src=\"https:\/\/i0.wp.com\/cdnoticias.com\/wp-content\/uploads\/2024\/08\/diario-la-manana-caso-cardoso-03.jpg?resize=800%2C450&#038;ssl=1\" alt=\"\" width=\"800\" height=\"450\" srcset=\"https:\/\/i0.wp.com\/cdnoticias.com\/wp-content\/uploads\/2024\/08\/diario-la-manana-caso-cardoso-03.jpg?w=1000&amp;ssl=1 1000w, https:\/\/i0.wp.com\/cdnoticias.com\/wp-content\/uploads\/2024\/08\/diario-la-manana-caso-cardoso-03.jpg?resize=300%2C169&amp;ssl=1 300w, https:\/\/i0.wp.com\/cdnoticias.com\/wp-content\/uploads\/2024\/08\/diario-la-manana-caso-cardoso-03.jpg?resize=768%2C432&amp;ssl=1 768w\" sizes=\"auto, (max-width: 800px) 100vw, 800px\" \/><\/p>\n<h3>Allanamientos<\/h3>\n<p>Entrada la medianoche del viernes personal de las distintas dependencias policiales de Bol\u00edvar cumplimentaron <strong>dos \u00f3rdenes de allanamientos<\/strong> otorgadas por el Juzgado de Garant\u00edas <strong>en los domicilios de Schmidt y del menor<\/strong>.<\/p>\n<p>Se trata de viviendas ubicadas una en barrio Club Argentino y la restante en la calle Saavedra al 220. En ambos domicilios los uniformados <strong>secuestraron elementos de inter\u00e9s entre los que se encuentran las vestimentas que los j\u00f3venes utilizaron en la madrugada del 1 de agosto<\/strong>. Fueron remitidas a Polic\u00eda Cient\u00edfica para realizarles los an\u00e1lisis correspondientes.<\/p>\n<h3>Robo y abigeato seguido de muerte<\/h3>\n<p>La principal <strong>hip\u00f3tesis<\/strong> que maneja la polic\u00eda y la justicia es que<strong> los delincuentes asesinaron de dos balazos a Ram\u00f3n Cardoso, robaron sus pertenencias y posteriormente lo cargaron en el bat\u00e1n de su propiedad, lo trasladaron hasta el basural<\/strong>, lo metieron adentro del barril de 200 litros y <strong>lo incineraron utilizando una cubierta y guata<\/strong> para generar el fuego, intentando tambi\u00e9n <strong>descartarse del cuerpo<\/strong>.<\/p>\n<p>Despu\u00e9s de cometer el asesinato y descartarse del cuerpo, los j\u00f3venes de 16 y 20 a\u00f1os <strong>dejaron abandonado el bat\u00e1n con las pertenencias que hab\u00edan robado<\/strong> de Cardoso en un camino vecinal distante a unos seis kil\u00f3metros de donde lo asesinaron en una calle paralela de la Ruta Nacional 226.<\/p>\n<p><img data-recalc-dims=\"1\" loading=\"lazy\" decoding=\"async\" class=\"size-full wp-image-121979 aligncenter\" src=\"https:\/\/i0.wp.com\/cdnoticias.com\/wp-content\/uploads\/2024\/08\/diario-la-manana-caso-cardoso-02.jpg?resize=800%2C450&#038;ssl=1\" alt=\"\" width=\"800\" height=\"450\" srcset=\"https:\/\/i0.wp.com\/cdnoticias.com\/wp-content\/uploads\/2024\/08\/diario-la-manana-caso-cardoso-02.jpg?w=1000&amp;ssl=1 1000w, https:\/\/i0.wp.com\/cdnoticias.com\/wp-content\/uploads\/2024\/08\/diario-la-manana-caso-cardoso-02.jpg?resize=300%2C169&amp;ssl=1 300w, https:\/\/i0.wp.com\/cdnoticias.com\/wp-content\/uploads\/2024\/08\/diario-la-manana-caso-cardoso-02.jpg?resize=768%2C432&amp;ssl=1 768w\" sizes=\"auto, (max-width: 800px) 100vw, 800px\" \/><\/p>\n<h3>Ambos con antecedentes delictivos<\/h3>\n<p><strong>Los dos j\u00f3venes acusados del atroz crimen cuentan con frondosos antecedentes penales<\/strong>. El <strong>menor de 16 a\u00f1os fue imputado en varios hechos de robo, hurto, lesiones graves, portaci\u00f3n ilegal de arma de fuego de uso civil sin la debida autorizaci\u00f3n y hechos de violencia familiar.<\/strong> Uno de los casos m\u00e1s resonantes conocidos del menor identificado como Nicol\u00e1s R. fue el sucedido en la noche del 21 de marzo del a\u00f1o 2023 cuando en un amplio predio ubicado en Nueva Plata 1, del barrio Villa Diamante se produjo un tiroteo y como resultado de la balacera result\u00f3 herido Ayrton Lautaro D\u00edaz, de 23 a\u00f1os de edad, quien recibi\u00f3 un disparo de arma de fuego a corta distancia en su cabeza y fue derivado a un Centro de Alta Complejidad de Capital Federal en donde le realizaron una intervenci\u00f3n quir\u00fargica. En esa ocasi\u00f3n Nicol\u00e1s R. que al momento del hecho ten\u00eda 14 a\u00f1os fue detenido por personal policial de la Comisar\u00eda de Bol\u00edvar y por orden del Juzgado de Garant\u00edas del Joven de Azul fue alojado en el Centro de Contenci\u00f3n Agust\u00edn Gambier, de la ciudad de La Plata. La causa fue caratulada<strong> &#8220;Tentativa de Homicidio Criminis Causa&#8221;.<\/strong><\/p>\n<p><strong>Manuel Smith<\/strong> en su corta vida tambi\u00e9n tiene un amplio historial delictivo ha sido <strong>imputado en causas de violencia familiar, robos, hurtos, violaci\u00f3n de domicilio y da\u00f1os<\/strong> y el caso m\u00e1s resonante en el que se encuentra involucrado es en el robo del que result\u00f3 v\u00edctima Mary Trejo, una mujer de 62 a\u00f1os, que en la noche del 26 diciembre del a\u00f1o 2023 fue abordada en su vivienda ubicada en el kil\u00f3metro 397 de la Ruta Nacional N\u00ba226 por sujetos que la golpearon para luego escapar con un mill\u00f3n y medio de pesos en efectivo y cerca de quince mil d\u00f3lares.<\/p>\n<p>Por este hecho fueron detenidos H\u00e9ctor Abel Asperu\u00e9 y Pablo Daniel Schmidt, ambos alojados en c\u00e1rceles del Servicio Penitenciario Bonaerense a la espera del juicio condenatorio. La Dra. Julia Mar\u00eda Sebasti\u00e1n tambi\u00e9n solicit\u00f3 la detenci\u00f3n de Manuel Smith y la Dra. Fabiana San Rom\u00e1n, titular del Juzgado de Garant\u00edas N\u00b01 no la otorg\u00f3.<\/p>\n<p><img data-recalc-dims=\"1\" loading=\"lazy\" decoding=\"async\" class=\"size-full wp-image-121980 aligncenter\" src=\"https:\/\/i0.wp.com\/cdnoticias.com\/wp-content\/uploads\/2024\/08\/diario-la-manana-caso-cardoso-00.jpg?resize=800%2C450&#038;ssl=1\" alt=\"\" width=\"800\" height=\"450\" srcset=\"https:\/\/i0.wp.com\/cdnoticias.com\/wp-content\/uploads\/2024\/08\/diario-la-manana-caso-cardoso-00.jpg?w=1000&amp;ssl=1 1000w, https:\/\/i0.wp.com\/cdnoticias.com\/wp-content\/uploads\/2024\/08\/diario-la-manana-caso-cardoso-00.jpg?resize=300%2C169&amp;ssl=1 300w, https:\/\/i0.wp.com\/cdnoticias.com\/wp-content\/uploads\/2024\/08\/diario-la-manana-caso-cardoso-00.jpg?resize=768%2C432&amp;ssl=1 768w\" sizes=\"auto, (max-width: 800px) 100vw, 800px\" \/><\/p>\n<h3>Homicidio criminis causa<\/h3>\n<p>Los dos detenidos por el asesinato del casero fueron imputados por Homicidio Criminis Causa. Lo resolvi\u00f3 la fiscal Mariela Viceconte. De esta manera,<strong> Manuel Schmidt y Nicol\u00e1s R. est\u00e1n acusados de haber asesinado a Ram\u00f3n Gin\u00e9s Cardoso para ocultar otro delito<\/strong>, en este caso, el robo de sus pertenencias y el abigeato. Es decir, para la funcionaria judicial, <strong>los dos j\u00f3venes mataron a la v\u00edctima para ocultar o garantizar la impunidad de otro delito<\/strong>.<\/p>\n<p>En la ma\u00f1ana del viernes fue trasladado el menor de 16 a\u00f1os y pasado el mediod\u00eda el mayor a la Fiscal\u00eda N\u00b017 que tiene sede en azul y <strong>la Dra. Viceconte les tom\u00f3 declaraci\u00f3n indagatoria<\/strong>. Cuando termin\u00f3 la tramitaci\u00f3n la fiscal <strong>pidi\u00f3 la conversi\u00f3n de la aprehensi\u00f3n en detenci\u00f3n de ambos<\/strong>. Medidas que <strong>fueron otorgadas por el Dr. Javier Barda, titular del Juzgado de Garant\u00edas del Joven<\/strong> perteneciente al Fuero de Responsabilidad Penal Juvenil departamental y <em>Nicol\u00e1s R. fue trasladado a un Centro de Contenci\u00f3n de Menores ubicado en la ciudad de Bat\u00e1n en tanto que Manuel Schmidt fue alojado en una unidad carcelaria del Servicio Penitenciario Bonaerense.<\/em><\/p>\n<p>En primera instancia la causa hab\u00eda sido caratulada Homicidio en Ocasi\u00f3n de Robo con el cambio de caratula los j\u00f3venes pueden recibir una condena de prisi\u00f3n perpetua, la m\u00e1xima condena que prev\u00e9 el C\u00f3digo Penal Argentino. Para diferenciar el delito de homicidio criminis causa del delito del art. 165 del C\u00f3digo Penal debe advertirse que si bien ambos delitos son dolosos el homicidio en ocasi\u00f3n de robo admite culpa, sin embargo lo que lo diferencia es que el tipo del art. 80 inc. 7\u00ba requiere dolo directo y la conexidad con otro delito, es necesario que se plasme el nexo psicol\u00f3gico entre el homicidio y la otra figura, es decir la pre ordenaci\u00f3n anticipada, que el fin delictuoso funcione como motivo determinante del homicidio, lo requiere una decisi\u00f3n que puede incluso producirse s\u00fabitamente en la ejecuci\u00f3n del hecho. <em>Se dan los presupuestos del homicidio criminis causa si los imputados dieron muerte a la v\u00edctima con la finalidad espec\u00edfica de preparar o facilitar el robo en su domicilio<\/em>, circunstancia que en este hecho delictual presuntamente est\u00e1 comprobada pues, ya muerto Cardoso, est\u00e1 probado que los imputado robaron sus pertenencias y se deshicieron de su cuerpo prendi\u00e9ndolo fuego, agravando a\u00fan m\u00e1s la situaci\u00f3n.<\/p>\n<blockquote class=\"wp-embedded-content\" data-secret=\"qRlzSHRPSM\"><p><a href=\"https:\/\/cdnoticias.com\/index.php\/2024\/08\/02\/bolivar-un-hombre-fue-asesinado-a-balazos-e-intentaron-calcinar-su-cuerpo\/\">Bol\u00edvar: un hombre fue asesinado a balazos e intentaron calcinar su cuerpo<\/a><\/p><\/blockquote>\n<p><iframe loading=\"lazy\" class=\"wp-embedded-content\" sandbox=\"allow-scripts\" security=\"restricted\" style=\"position: absolute; visibility: hidden;\" title=\"&#8220;Bol\u00edvar: un hombre fue asesinado a balazos e intentaron calcinar su cuerpo&#8221; &#8212; Central de Noticias | Olavarr\u00eda\" src=\"https:\/\/cdnoticias.com\/index.php\/2024\/08\/02\/bolivar-un-hombre-fue-asesinado-a-balazos-e-intentaron-calcinar-su-cuerpo\/embed\/#?secret=JWKcRr4558#?secret=qRlzSHRPSM\" data-secret=\"qRlzSHRPSM\" width=\"600\" height=\"338\" frameborder=\"0\" marginwidth=\"0\" marginheight=\"0\" scrolling=\"no\"><\/iframe><\/p>\n","protected":false},"excerpt":{"rendered":"<p>La fiscal resolvi\u00f3 cambiar la acusaci\u00f3n a \u201chomicidio criminis causa\u201d que incluye la posibilidad de cadena perpetua en contra de<\/p>\n","protected":false},"author":4,"featured_media":122208,"comment_status":"closed","ping_status":"closed","sticky":false,"template":"","format":"standard","meta":{"_jetpack_memberships_contains_paid_content":false,"footnotes":""},"categories":[6,1],"tags":[],"class_list":["post-122207","post","type-post","status-publish","format-standard","has-post-thumbnail","hentry","category-nacionales","category-portada"],"jetpack_featured_media_url":"https:\/\/i0.wp.com\/cdnoticias.com\/wp-content\/uploads\/2024\/08\/diario-la-manana-caso-homicidio-ramon-cardoso.jpg?fit=1000%2C563&ssl=1","jetpack_sharing_enabled":true,"_links":{"self":[{"href":"https:\/\/cdnoticias.com\/index.php\/wp-json\/wp\/v2\/posts\/122207","targetHints":{"allow":["GET"]}}],"collection":[{"href":"https:\/\/cdnoticias.com\/index.php\/wp-json\/wp\/v2\/posts"}],"about":[{"href":"https:\/\/cdnoticias.com\/index.php\/wp-json\/wp\/v2\/types\/post"}],"author":[{"embeddable":true,"href":"https:\/\/cdnoticias.com\/index.php\/wp-json\/wp\/v2\/users\/4"}],"replies":[{"embeddable":true,"href":"https:\/\/cdnoticias.com\/index.php\/wp-json\/wp\/v2\/comments?post=122207"}],"version-history":[{"count":0,"href":"https:\/\/cdnoticias.com\/index.php\/wp-json\/wp\/v2\/posts\/122207\/revisions"}],"wp:featuredmedia":[{"embeddable":true,"href":"https:\/\/cdnoticias.com\/index.php\/wp-json\/wp\/v2\/media\/122208"}],"wp:attachment":[{"href":"https:\/\/cdnoticias.com\/index.php\/wp-json\/wp\/v2\/media?parent=122207"}],"wp:term":[{"taxonomy":"category","embeddable":true,"href":"https:\/\/cdnoticias.com\/index.php\/wp-json\/wp\/v2\/categories?post=122207"},{"taxonomy":"post_tag","embeddable":true,"href":"https:\/\/cdnoticias.com\/index.php\/wp-json\/wp\/v2\/tags?post=122207"}],"curies":[{"name":"wp","href":"https:\/\/api.w.org\/{rel}","templated":true}]}}