{"id":122189,"date":"2024-08-04T18:39:21","date_gmt":"2024-08-04T21:39:21","guid":{"rendered":"https:\/\/cdnoticias.com\/?p=122189"},"modified":"2024-08-05T08:08:52","modified_gmt":"2024-08-05T11:08:52","slug":"exitosa-tercera-edicion-de-la-cena-anual-de-bomberos-voluntarios-de-olavarria","status":"publish","type":"post","link":"https:\/\/cdnoticias.com\/index.php\/2024\/08\/04\/exitosa-tercera-edicion-de-la-cena-anual-de-bomberos-voluntarios-de-olavarria\/","title":{"rendered":"Exitosa tercera edici\u00f3n de la Cena Anual de Bomberos Voluntarios de Olavarr\u00eda"},"content":{"rendered":"\n<p>La convocatoria se realiz\u00f3 durante la noche del s\u00e1bado y reuni\u00f3 a m\u00e1s de 1200 personas.<\/p>\n\n\n\n<hr class=\"wp-block-separator has-alpha-channel-opacity\"\/>\n\n\n\n<p>Durante la noche de este s\u00e1bado se celebr\u00f3 la <strong>primera cena anual de Bomberos Olavarr\u00eda 2024. <\/strong>Esta <strong>tercera edici\u00f3n del evento anual de la instituci\u00f3n<\/strong>, estuvo organizada por el Consejo Directivo y la Subcomisi\u00f3n de Damas junto a la jefatura de la asociaci\u00f3n.<\/p>\n\n\n\n<p><\/p>\n\n\n\n<p>La exitosa convocatoria de esta cena <strong>reuni\u00f3 a m\u00e1s de 1200 personas en el Centro de Exposiciones Municipal de Olavarr\u00eda.<\/strong><\/p>\n\n\n\n<p><\/p>\n\n\n\n<p>Con la conducci\u00f3n de Luis Occhi, la noche comenz\u00f3 con m\u00fasica y baile desde el inicio para luego dar paso al servicio de catering a cargo de Marcelo Sequeira.<\/p>\n\n\n\n<p><\/p>\n\n\n\n<p>Durante la noche el <strong>presidente del Consejo Directivo Hugo Fayan\u00e1s<\/strong> aprovech\u00f3 la ocasi\u00f3n para agradecer a todos los presentes, vecinos y vecinas, por el gran acompa\u00f1amiento y apoyo que recibe la instituci\u00f3n en cada evento y proyecto que realiza.<\/p>\n\n\n\n<p><\/p>\n\n\n\n<p>El <strong>comandante General Ra\u00fal Ferreira <\/strong>al momento de tomar la palabra enfatiz\u00f3 en la importancia del acompa\u00f1amiento de las familias, que son el pilar fundamental para que las y los bomberos lleven adelante su labor.<\/p>\n\n\n\n<p><\/p>\n\n\n\n<p>El<strong> intendente municipal Maximiliano Wesner<\/strong> remarc\u00f3 la importancia del acompa\u00f1amiento municipal para este tipo de instituciones. Tambi\u00e9n destac\u00f3 el valor del trabajo articulado entre la gesti\u00f3n y el Consejo Directivo en pos del crecimiento y bienestar de Bomberos.<\/p>\n\n\n\n<p><\/p>\n\n\n\n<figure class=\"wp-block-image size-full\"><img data-recalc-dims=\"1\" loading=\"lazy\" decoding=\"async\" width=\"800\" height=\"445\" src=\"https:\/\/i0.wp.com\/cdnoticias.com\/wp-content\/uploads\/2024\/08\/IMG-20240804-WA0081.jpg?resize=800%2C445&#038;ssl=1\" alt=\"\" class=\"wp-image-122190\" srcset=\"https:\/\/i0.wp.com\/cdnoticias.com\/wp-content\/uploads\/2024\/08\/IMG-20240804-WA0081.jpg?w=800&amp;ssl=1 800w, https:\/\/i0.wp.com\/cdnoticias.com\/wp-content\/uploads\/2024\/08\/IMG-20240804-WA0081.jpg?resize=300%2C167&amp;ssl=1 300w, https:\/\/i0.wp.com\/cdnoticias.com\/wp-content\/uploads\/2024\/08\/IMG-20240804-WA0081.jpg?resize=768%2C427&amp;ssl=1 768w\" sizes=\"auto, (max-width: 800px) 100vw, 800px\" \/><\/figure>\n\n\n\n<p><\/p>\n\n\n\n<p>La noche continu\u00f3 con la presentaci\u00f3n de la<strong> banda local Alma de Benjam\u00edn, <\/strong>quien deleit\u00f3 a los presentes con su m\u00fasica. M\u00e1s tarde la<strong> Comparsa Bah\u00eda Ba <\/strong>hizo lo propio con su m\u00fasica y presentaci\u00f3n en vivo de bailarines y bailarinas.<\/p>\n\n\n\n<p><\/p>\n\n\n\n<p>Durante la noche los presentes pudieron disfrutar del<strong> vino de producci\u00f3n local Huella Pampa<\/strong>, con el que m\u00e1s tarde se realiz\u00f3 un sorteo para los presentes. Por otra parte, todos aquellos que compraron entradas -ya sea para la primera o segunda fiesta- estar\u00e1n participando por un viaje a Cataratas para dos personas, que se sortear\u00e1 la semana que viene durante la segunda cena anual.<\/p>\n\n\n\n<p><\/p>\n\n\n\n<p>La presentaci\u00f3n de shows en vivo cerr\u00f3 con la participaci\u00f3n de la <strong>banda local Lima Lim\u00f3n.<\/strong> Luego se realiz\u00f3 el tradicional brindis y cierre de la cena.<\/p>\n\n\n\n<p><\/p>\n","protected":false},"excerpt":{"rendered":"<p>La convocatoria se realiz\u00f3 durante la noche del s\u00e1bado y reuni\u00f3 a m\u00e1s de 1200 personas. Durante la noche de<\/p>\n","protected":false},"author":2,"featured_media":122191,"comment_status":"closed","ping_status":"closed","sticky":false,"template":"","format":"standard","meta":{"_jetpack_memberships_contains_paid_content":false,"footnotes":""},"categories":[5,1],"tags":[],"class_list":["post-122189","post","type-post","status-publish","format-standard","has-post-thumbnail","hentry","category-informacion-general","category-portada"],"jetpack_featured_media_url":"https:\/\/i0.wp.com\/cdnoticias.com\/wp-content\/uploads\/2024\/08\/IMG-20240804-WA0073.jpg?fit=800%2C445&ssl=1","jetpack_sharing_enabled":true,"_links":{"self":[{"href":"https:\/\/cdnoticias.com\/index.php\/wp-json\/wp\/v2\/posts\/122189","targetHints":{"allow":["GET"]}}],"collection":[{"href":"https:\/\/cdnoticias.com\/index.php\/wp-json\/wp\/v2\/posts"}],"about":[{"href":"https:\/\/cdnoticias.com\/index.php\/wp-json\/wp\/v2\/types\/post"}],"author":[{"embeddable":true,"href":"https:\/\/cdnoticias.com\/index.php\/wp-json\/wp\/v2\/users\/2"}],"replies":[{"embeddable":true,"href":"https:\/\/cdnoticias.com\/index.php\/wp-json\/wp\/v2\/comments?post=122189"}],"version-history":[{"count":0,"href":"https:\/\/cdnoticias.com\/index.php\/wp-json\/wp\/v2\/posts\/122189\/revisions"}],"wp:featuredmedia":[{"embeddable":true,"href":"https:\/\/cdnoticias.com\/index.php\/wp-json\/wp\/v2\/media\/122191"}],"wp:attachment":[{"href":"https:\/\/cdnoticias.com\/index.php\/wp-json\/wp\/v2\/media?parent=122189"}],"wp:term":[{"taxonomy":"category","embeddable":true,"href":"https:\/\/cdnoticias.com\/index.php\/wp-json\/wp\/v2\/categories?post=122189"},{"taxonomy":"post_tag","embeddable":true,"href":"https:\/\/cdnoticias.com\/index.php\/wp-json\/wp\/v2\/tags?post=122189"}],"curies":[{"name":"wp","href":"https:\/\/api.w.org\/{rel}","templated":true}]}}