{"id":122162,"date":"2024-08-04T08:11:27","date_gmt":"2024-08-04T11:11:27","guid":{"rendered":"https:\/\/cdnoticias.com\/?p=122162"},"modified":"2024-08-04T12:00:26","modified_gmt":"2024-08-04T15:00:26","slug":"kreplak-con-la-fabrica-estatal-podemos-bajar-el-precio-de-los-repelentes-en-las-farmacias","status":"publish","type":"post","link":"https:\/\/cdnoticias.com\/index.php\/2024\/08\/04\/kreplak-con-la-fabrica-estatal-podemos-bajar-el-precio-de-los-repelentes-en-las-farmacias\/","title":{"rendered":"Kreplak: \u201ccon la f\u00e1brica estatal, podemos bajar el precio de los repelentes en las farmacias\u201d"},"content":{"rendered":"\n<p>El ministro de Salud repas\u00f3 la situaci\u00f3n en los hospitales, la crisis que puede estallar en las guardias de emergencias del interior, las razones y las consecuencias de la baja tasa de aplicaci\u00f3n de vacunas y las dificultades en el acceso a los medicamentos.<\/p>\n\n\n\n<hr class=\"wp-block-separator has-alpha-channel-opacity\"\/>\n\n\n\n<p>El<strong> ministro de Salud bonaerense, Nicol\u00e1s Kreplak<\/strong>, anticip\u00f3 una situaci\u00f3n complicada en el varano con el dengue y explic\u00f3 qu\u00e9 puede ocurrir si contin\u00faa la tendencia actual de baja aplicaci\u00f3n de vacunas.<\/p>\n\n\n\n<p><\/p>\n\n\n\n<p>Adem\u00e1s, <em>en di\u00e1logo con DIB <\/em>analiz\u00f3 la crisis en el acceso a los medicamentos producto de la suba de precios, una situaci\u00f3n impacta fuerte en el interior. Y explic\u00f3 por qu\u00e9 cree que la producci\u00f3n estatal de medicamentos puede ayudar a mejorar esa crisis. <strong>\u00bfPor qu\u00e9 puede haber un colapso de la atenci\u00f3n de emergencias en el interior provincial producto de la suba en ganancias?<\/strong><\/p>\n\n\n\n<p><\/p>\n\n\n\n<p><strong>Los casos de dengue fueron r\u00e9cord esta temporada \u00bfQu\u00e9 va a pasar el a\u00f1o que viene?<\/strong><\/p>\n\n\n\n<p>Es un problema grande. Cuando reapareci\u00f3 el dengue en el pa\u00eds primero era importado completamente, entraba de pa\u00edses lim\u00edtrofes y para finales de verano, en marzo, generaba la epidemia. El a\u00f1o pasado hubo casos todo el invierno y este a\u00f1o va a pasar lo mismo. No son casos importados, con los propios viajes en el interior de Argentina. Eso va a hacer que en diciembre ya haya epidemia. Vamos a tener una situaci\u00f3n delicada, porque adem\u00e1s el gobierno nacional no tom\u00f3 medidas en el NOA y NEA para erradicarlo en la frontera e hizo la peor campa\u00f1a de vacunaci\u00f3n de invierno de que se tenga memoria.<\/p>\n\n\n\n<p><\/p>\n\n\n\n<p><strong>Hay una cobertura de vacunas muy baja \u00bfQu\u00e9 pasa?<\/strong><\/p>\n\n\n\n<p>Es una situaci\u00f3n global. Puede ser que tengamos una reacci\u00f3n post pandemia; hay un individualismo t\u00edpico de sociedades m\u00e1s desarrolladas que relega cuestiones comunitarias, algo vinculado al del estilo de vida urbano moderno que puede estar afectando. Por ejemplo, el interior de la provincia tiene mejores tasas de cobertura que las grandes ciudades del interior, el conurbano y CABA. Seguro que no ayuda nada que el gobierno corte la pauta publicitaria y con eso las campa\u00f1as de educaci\u00f3n para la salud.<\/p>\n\n\n\n<p><\/p>\n\n\n\n<p><strong>\u00bfCu\u00e1les pueden ser las consecuencias?<\/strong><\/p>\n\n\n\n<p>Tenemos un gran riesgo de reaparici\u00f3n de enfermedades que estaban erradicadas. Sarampi\u00f3n, paperas, difteria. Menciono una cuesti\u00f3n que puede parecer lejana pero no lo es. Con la guerra en Gaza, parecen casos de poliomelitis: aprendimos con la pandemia que si ac\u00e1 hay una tasa de cobertura baja y hay virus en alg\u00fan lugar del mundo ten\u00e9s riesgo. No es para hacer terrorismo pero hay que preocuparse. Otro tema que hay que mirar es la bronquiolitis.<\/p>\n\n\n\n<p><\/p>\n\n\n\n<p><strong>\u00bfQu\u00e9 diagn\u00f3stico tienen sobre lo que est\u00e1 pasando con la accesibilidad a los medicamentos en medio de los aumentos de precios?<\/strong><\/p>\n\n\n\n<p>Es uno de los temas principales para nosotros. Los medicamentos son maravillosos pero a la vez, por lo menos desde los a\u00f1os 80, son el gran problema del sistema de salud. A principios de siglo se dec\u00eda que cuando el gasto en medicamentos sea el 20% del total en salud, el sistema ser\u00e1 infinanciable. Hoy estamos en el 35%, 40%. En Argentina se agrava por la falta de control interno: pagamos medicamentos de alto costo m\u00e1s caros que en Europa y hay un mercado interno que aument\u00f3 entre noviembre y enero por encima de 100 puntos sobre la inflaci\u00f3n. As\u00ed, venden un 30% menos pero sostienen la rentabilidad. Pero el costo es gente que no compra menos anti hipertensivos, anti diab\u00e9ticos. Eso se traslada a los hospitales y a las salitas: van a buscar m\u00e1s medicamentos ah\u00ed, pero no damos abasto. Lo dice cualquier intendente: \u201cno puedo pagar el medicamento para el hospital municipal\u201d.<\/p>\n\n\n\n<p><\/p>\n\n\n\n<blockquote class=\"wp-block-quote is-layout-flow wp-block-quote-is-layout-flow\">\n<p>El otro d\u00eda tuvimos que mandar un antibi\u00f3tico porque no lo pod\u00edan comprar en un municipio. Y no estamos hablando de un oncol\u00f3gico s\u00faper sofisticado, sino de un antibi\u00f3tico. Eso no hab\u00eda pasado nunca. Es una situaci\u00f3n aguda, cr\u00edtica.<\/p>\n<\/blockquote>\n\n\n\n<p><\/p>\n\n\n\n<p><strong>\u00bfPero es algo que depende de la pol\u00edtica econ\u00f3mica exclusivamente?<\/strong><\/p>\n\n\n\n<p>No, empezamos con un programa de medicamentos a bajo costo para llevar a municipios, cosa que nunca hab\u00edamos hecho. Pero lo central es que por eso para nosotros el proyecto de empresa de compra, producci\u00f3n y distribuci\u00f3n estatal de medicamentos es estructural.<\/p>\n\n\n\n<p><\/p>\n\n\n\n<p><strong>Quiero relacionar lo del dengue con la accesibilidad: \u00bfvan a producir repelente este verano?<\/strong><\/p>\n\n\n\n<p>S\u00ed, vamos a producir. El objetivo es tratar de llegar a los barrios a los que la gente no puede llegar. Van a haber reparto gratis en barrios. Si tuviese la empresa de medicamentos, podr\u00eda ponerlos en farmacia y bajar los precios. Es m\u00e1s, si me aprueban la empresa r\u00e1pido, podr\u00eda hacer eso este mismo verano.<\/p>\n\n\n\n<p><\/p>\n\n\n\n<p><strong>Usted dijo que si no se exclu\u00eda a las guardias m\u00e9dicas de la suba ganancias iba a haber un problema grande con las guardias. No se los excluy\u00f3: \u00bfqu\u00e9 est\u00e1 pasado?<\/strong><\/p>\n\n\n\n<p>Esto golpea mucho al interior, el intendente est\u00e1 en el d\u00eda a d\u00eda de las guardias y sabe que es muy dif\u00edcil conseguir m\u00e9dicos si no les dan los n\u00fameros. En el interior no hay un sistema de guardias en hospitales privados que pueda hacerse cargo si falla la guardia p\u00fablica. En una localidad de 15 o 20 mil habitantes, para el privado no es negocio la guardia por una cuesti\u00f3n de tasa de uso. Si se van esas guardias quedamos en una situaci\u00f3n de gran incertidumbre. Porque no hay m\u00e1s nada, es el \u00faltimo dique. Es de extrema preocupaci\u00f3n.<\/p>\n\n\n\n<p><\/p>\n\n\n\n<p><strong>\u00bfHay un problema especial con las guardias pedi\u00e1tricas?<br><\/strong>S\u00ed, porque faltan pediatras. Hay una cuesti\u00f3n salarial: las guardias pedi\u00e1tricas a diferencia de otras las hacen solo pediatras, pero ganan mucho menos que los especialistas que por ejemplo usan tecnolog\u00eda espec\u00edfica. Eso hay que revertirlo.<\/p>\n\n\n\n<p><\/p>\n\n\n\n<p><em>Fuente: DIB.<\/em><\/p>\n","protected":false},"excerpt":{"rendered":"<p>El ministro de Salud repas\u00f3 la situaci\u00f3n en los hospitales, la crisis que puede estallar en las guardias de emergencias<\/p>\n","protected":false},"author":2,"featured_media":101523,"comment_status":"closed","ping_status":"closed","sticky":false,"template":"","format":"standard","meta":{"_jetpack_memberships_contains_paid_content":false,"footnotes":""},"categories":[6,1],"tags":[],"class_list":["post-122162","post","type-post","status-publish","format-standard","has-post-thumbnail","hentry","category-nacionales","category-portada"],"jetpack_featured_media_url":"https:\/\/i0.wp.com\/cdnoticias.com\/wp-content\/uploads\/2023\/11\/kreplak4-scaled.jpg?fit=2560%2C1424&ssl=1","jetpack_sharing_enabled":true,"_links":{"self":[{"href":"https:\/\/cdnoticias.com\/index.php\/wp-json\/wp\/v2\/posts\/122162","targetHints":{"allow":["GET"]}}],"collection":[{"href":"https:\/\/cdnoticias.com\/index.php\/wp-json\/wp\/v2\/posts"}],"about":[{"href":"https:\/\/cdnoticias.com\/index.php\/wp-json\/wp\/v2\/types\/post"}],"author":[{"embeddable":true,"href":"https:\/\/cdnoticias.com\/index.php\/wp-json\/wp\/v2\/users\/2"}],"replies":[{"embeddable":true,"href":"https:\/\/cdnoticias.com\/index.php\/wp-json\/wp\/v2\/comments?post=122162"}],"version-history":[{"count":0,"href":"https:\/\/cdnoticias.com\/index.php\/wp-json\/wp\/v2\/posts\/122162\/revisions"}],"wp:featuredmedia":[{"embeddable":true,"href":"https:\/\/cdnoticias.com\/index.php\/wp-json\/wp\/v2\/media\/101523"}],"wp:attachment":[{"href":"https:\/\/cdnoticias.com\/index.php\/wp-json\/wp\/v2\/media?parent=122162"}],"wp:term":[{"taxonomy":"category","embeddable":true,"href":"https:\/\/cdnoticias.com\/index.php\/wp-json\/wp\/v2\/categories?post=122162"},{"taxonomy":"post_tag","embeddable":true,"href":"https:\/\/cdnoticias.com\/index.php\/wp-json\/wp\/v2\/tags?post=122162"}],"curies":[{"name":"wp","href":"https:\/\/api.w.org\/{rel}","templated":true}]}}