{"id":122127,"date":"2024-08-03T09:53:12","date_gmt":"2024-08-03T12:53:12","guid":{"rendered":"https:\/\/cdnoticias.com\/?p=122127"},"modified":"2024-08-03T12:29:07","modified_gmt":"2024-08-03T15:29:07","slug":"femicidio-en-bolivar-una-mujer-fue-asesinada-a-punaladas-por-su-ex-pareja","status":"publish","type":"post","link":"https:\/\/cdnoticias.com\/index.php\/2024\/08\/03\/femicidio-en-bolivar-una-mujer-fue-asesinada-a-punaladas-por-su-ex-pareja\/","title":{"rendered":"Femicidio en Bol\u00edvar: una mujer fue asesinada a pu\u00f1aladas por su ex pareja"},"content":{"rendered":"\n<p>El hecho se registr\u00f3 en el barrio Pompeya de la vecina ciudad. Tras el hecho, quemaron el auto del autor. La v\u00edctima era polic\u00eda de la Comisar\u00eda de la Mujer. Fue a horas del crimen del pe\u00f3n rural.<\/p>\n\n\n\n<hr class=\"wp-block-separator aligncenter has-alpha-channel-opacity\"\/>\n\n\n\n<p>En la medianoche del viernes, <strong>un hombre de 37 a\u00f1os asesin\u00f3 a su ex pareja de 32 a pu\u00f1aladas en la vecina ciudad de Bol\u00edvar, un hecho que conmocion\u00f3 a la comunidad. La v\u00edctima era polic\u00eda de la Comisar\u00eda de la Mujer y luego del hecho, por el que el autor qued\u00f3 detenido, prendieron fuego su auto.<\/strong><\/p>\n\n\n\n<p>Tal como relat\u00f3 diario <strong>La Ma\u00f1ana de Bol\u00edvar,<\/strong> el hecho se registr\u00f3 en la calle Larregle entre Pueyrred\u00f3n y J.C. B\u00e1ez del barrio Pompeya. Tras la primera reconstrucci\u00f3n de los hechos, se cree que hubo una fuerte discusi\u00f3n y all\u00ed el agresor la atac\u00f3 a pu\u00f1aladas, gener\u00e1ndole la muerte.<\/p>\n\n\n\n<p>Un vecino, consternado por la situaci\u00f3n, <strong>dio aviso a la polic\u00eda que encontr\u00f3 a la joven ya fallecida en el domicilio, mientras tanto el agresor, identificado como Germ\u00e1n Alejandro Olivare, de 37 a\u00f1os, fue encontrado tambi\u00e9n en el interior de la casa con graves lesiones de arma blanca que, seg\u00fan inform\u00f3 La Ma\u00f1ana, se presum\u00edan como lesiones auto infringidas.<\/strong><\/p>\n\n\n\n<p>El agresor fue internado en el Hospital Capredoni donde se recupera de dichas lesiones y<strong> all\u00ed mismo fue aprehendido e imputado por femicidio agravado. Qued\u00f3 internado para recuperarse y luego afrontar su situaci\u00f3n judicial.<\/strong><\/p>\n\n\n\n<blockquote class=\"wp-block-quote is-layout-flow wp-block-quote-is-layout-flow\">\n<p>La joven fallecida fue identificada como Roc\u00edo Gonz\u00e1lez, de 32 a\u00f1os, y era una polic\u00eda que cumpl\u00eda funciones en la Comisar\u00eda de la Mujer y la Familia de Bol\u00edvar.<\/p>\n<\/blockquote>\n\n\n\n<p>Por integrar la fuerza y tener varios v\u00ednculos, <strong>el hecho provoc\u00f3 una gran consternaci\u00f3n en el c\u00edrculo de amistades de Gonz\u00e1lez. Hasta entrada la ma\u00f1ana se pudo ver a una gran cantidad de personas rodeando el lugar, en su gran mayor\u00eda efectivos policiales que conoc\u00edan a Gonz\u00e1lez y su tarea en la fuerza.<\/strong><\/p>\n\n\n\n<p>Cabe se\u00f1alar que durante la madrugada, mientras se trabajaba en el lugar del femicidio, <strong>el veh\u00edculo particular del agresor fue incendiado intencionalmente a la vuelta del domicilio donde resid\u00eda la v\u00edctima, por lo que se cree que fue un acto en represalias por el hecho.<\/strong> El veh\u00edculo, marca Peugeot, qued\u00f3 totalmente destruido a pesar del r\u00e1pido trabajo de los Bomberos de la vecina ciudad.<\/p>\n\n\n\n<figure class=\"wp-block-image size-full\"><img data-recalc-dims=\"1\" loading=\"lazy\" decoding=\"async\" width=\"800\" height=\"450\" src=\"https:\/\/i0.wp.com\/cdnoticias.com\/wp-content\/uploads\/2024\/08\/femicidio-bolivar2.jpg?resize=800%2C450&#038;ssl=1\" alt=\"\" class=\"wp-image-122129\" srcset=\"https:\/\/i0.wp.com\/cdnoticias.com\/wp-content\/uploads\/2024\/08\/femicidio-bolivar2.jpg?w=800&amp;ssl=1 800w, https:\/\/i0.wp.com\/cdnoticias.com\/wp-content\/uploads\/2024\/08\/femicidio-bolivar2.jpg?resize=300%2C169&amp;ssl=1 300w, https:\/\/i0.wp.com\/cdnoticias.com\/wp-content\/uploads\/2024\/08\/femicidio-bolivar2.jpg?resize=768%2C432&amp;ssl=1 768w\" sizes=\"auto, (max-width: 800px) 100vw, 800px\" \/><\/figure>\n\n\n\n<p>Seg\u00fan pudo saber La Ma\u00f1ana de Bol\u00edvar, Gonz\u00e1lez y Olivares estaban separados pesando sobre este \u00faltimo una orden de cese de hostigamiento, medida otorgada por el Juzgado de Paz Letrado de Bol\u00edvar, con vigencia hasta el d\u00eda 10 de agosto.<strong> Tambi\u00e9n se supo que el autom\u00f3vil en el que se trasladaba el agresor y que result\u00f3 quemado fue visto merodeando el lugar desde horas antes de producirse el aberrante desenlace.<\/strong><\/p>\n\n\n\n<p>En el lugar intervino la ayudante fiscal Cecilia Laso, y<strong> tambi\u00e9n trabajaron peritos de la Polic\u00eda Cient\u00edfica de Olavarr\u00eda. <\/strong>El cuerpo de la joven fue trasladado a la morgue de Azul donde se realizar\u00e1 la correspondiente autopsia.<\/p>\n\n\n\n<p><strong>Personal policial de la Sub DDI, mientras tanto, colect\u00f3 numerosas pruebas y testimonios bajo la direcci\u00f3n del jefe local Ezequiel Luna.<\/strong> El jefe departamental, comisario Marcos Navarro y la jefa de la Comisar\u00eda local, subcomisario Paola G\u00f3mez, tambi\u00e9n fueron presencias destacadas.<\/p>\n\n\n\n<p>En el escenario del homicidio se constat\u00f3 la presencia de la comisario<strong> Lucrecia Ditz, coordinadora zonal del Departamento Judicial de Azul dependiente de la Superintendencia de Pol\u00edticas de G\u00e9nero con sede en la ciudad de La Plata.<\/strong><\/p>\n","protected":false},"excerpt":{"rendered":"<p>El hecho se registr\u00f3 en el barrio Pompeya de la vecina ciudad. Tras el hecho, quemaron el auto del autor.<\/p>\n","protected":false},"author":2,"featured_media":122128,"comment_status":"closed","ping_status":"closed","sticky":false,"template":"","format":"standard","meta":{"_jetpack_memberships_contains_paid_content":false,"footnotes":""},"categories":[14,1],"tags":[],"class_list":["post-122127","post","type-post","status-publish","format-standard","has-post-thumbnail","hentry","category-policiales","category-portada"],"jetpack_featured_media_url":"https:\/\/i0.wp.com\/cdnoticias.com\/wp-content\/uploads\/2024\/08\/femicidio-bolivar1.jpg?fit=798%2C450&ssl=1","jetpack_sharing_enabled":true,"_links":{"self":[{"href":"https:\/\/cdnoticias.com\/index.php\/wp-json\/wp\/v2\/posts\/122127","targetHints":{"allow":["GET"]}}],"collection":[{"href":"https:\/\/cdnoticias.com\/index.php\/wp-json\/wp\/v2\/posts"}],"about":[{"href":"https:\/\/cdnoticias.com\/index.php\/wp-json\/wp\/v2\/types\/post"}],"author":[{"embeddable":true,"href":"https:\/\/cdnoticias.com\/index.php\/wp-json\/wp\/v2\/users\/2"}],"replies":[{"embeddable":true,"href":"https:\/\/cdnoticias.com\/index.php\/wp-json\/wp\/v2\/comments?post=122127"}],"version-history":[{"count":0,"href":"https:\/\/cdnoticias.com\/index.php\/wp-json\/wp\/v2\/posts\/122127\/revisions"}],"wp:featuredmedia":[{"embeddable":true,"href":"https:\/\/cdnoticias.com\/index.php\/wp-json\/wp\/v2\/media\/122128"}],"wp:attachment":[{"href":"https:\/\/cdnoticias.com\/index.php\/wp-json\/wp\/v2\/media?parent=122127"}],"wp:term":[{"taxonomy":"category","embeddable":true,"href":"https:\/\/cdnoticias.com\/index.php\/wp-json\/wp\/v2\/categories?post=122127"},{"taxonomy":"post_tag","embeddable":true,"href":"https:\/\/cdnoticias.com\/index.php\/wp-json\/wp\/v2\/tags?post=122127"}],"curies":[{"name":"wp","href":"https:\/\/api.w.org\/{rel}","templated":true}]}}